{"id":40404,"date":"2020-04-11T14:30:00","date_gmt":"2020-04-11T18:30:00","guid":{"rendered":"http:\/\/www.corumbaonline.com.br\/news\/?p=40404"},"modified":"2020-04-13T22:49:19","modified_gmt":"2020-04-14T02:49:19","slug":"primeiro-paciente-infectado-em-corumba-pelo-covid-19-recebe-alta-hospitalar","status":"publish","type":"post","link":"https:\/\/www.corumbaonline.com.br\/news\/primeiro-paciente-infectado-em-corumba-pelo-covid-19-recebe-alta-hospitalar\/","title":{"rendered":"Primeiro paciente infectado em Corumb\u00e1 pelo Covid-19 recebe alta hospitalar"},"content":{"rendered":"<p>No dia 11 de abril, sob aplausos da equipe de sa\u00fade, ap\u00f3s 8 dias internado, Aparecido Jos\u00e9 Brand\u00e3o, de 48 anos, primeiro paciente a contrair o novo coronav\u00edrus em Corumb\u00e1 teve alta hospitalar. Aparecido, procurou o Pronto-Socorro no dia 03 de abril, onde teve o diagn\u00f3stico suspeito pela equipe e logo foi encaminhado ao Centro de Tratamento Intensivo da Santa Casa, pelo quadro cl\u00ednico que se encontrava.<\/p>\n<p>Na sa\u00edda do Hospital, emocionado, Aparecido agradeceu todos os profissionais, \u201cmuito obrigado a todos que cuidaram de mim, que est\u00e3o colocando suas vidas em risco. Deus aben\u00e7oe todos voc\u00eas\u201d.<\/p>\n<p>O Secret\u00e1rio de Sa\u00fade, conta qual foi \u00e0 a\u00e7\u00e3o da vigil\u00e2ncia em rela\u00e7\u00e3o \u00e0 notifica\u00e7\u00e3o, \u201cap\u00f3s a suspeita que o paciente estava contaminado a secretaria de sa\u00fade municipal, entrou em contato com a Estadual e solicitou o envio da cloroquina, para que a equipe pudesse iniciar o tratamento, e monitorou todos os contactantes do paciente, que foram 19 ao total, os que apresentavam sintomas foram testados e o resultado foi negativo para todos. A sa\u00fade na nossa cidade funciona em rede e h\u00e1 uma sinergia grande entre os profissionais, todos unidos pela vontade de cuidar das pessoas e salvar vidas, tanto a equipe do PS, como do Hospital. A recupera\u00e7\u00e3o do Aparecido \u00e9 uma vit\u00f3ria pessoal dele, e tamb\u00e9m de todos os profissionais envolvidos\u201d.<\/p>\n<p>O m\u00e9dico infectologista do munic\u00edpio, Dr. Hilton Luiz Alves Filho, que faz parte da equipe da Vigil\u00e2ncia, destaca \u201cnosso trabalho se estende a assegurar atendimento, diagn\u00f3stico e tratamento adequado ao paciente doente, mas tamb\u00e9m a identificar e bloquear a transmiss\u00e3o para outras pessoas. A vigil\u00e2ncia em sa\u00fade \u00e9 ativa, sistem\u00e1tica e cont\u00ednua gerindo os bastidores da sa\u00fade p\u00fablica e individual da nossa cidade, o que fica evidente durante essa pandemia \u00e9 o trabalho sem descanso de toda equipe para conseguirmos atender com dignidade toda a popula\u00e7\u00e3o\u201d.<\/p>\n<p>\u201cApesar de ainda n\u00e3o conclu\u00eddas as investiga\u00e7\u00f5es \u00e9 muito prov\u00e1vel que a transmiss\u00e3o do novo coronav\u00edrus seja comunit\u00e1ria na cidade de Corumb\u00e1 e regi\u00e3o, isso significa que j\u00e1 n\u00e3o conseguimos definir a fonte do cont\u00e1gio desse paciente positivo o que s\u00f3 refor\u00e7a a necessidade do isolamento social e das demais medidas de higiene e cuidado. Segue o apelo para que todas as pessoas que puderem: Fiquem em casa!\u201d<\/p>\n<p>O Prefeito Marcelo Iunes relata que estava acompanhando o caso, \u201c\u00e9 uma felicidade para n\u00f3s saber que o Aparecido teve alta hoje, e que ele como seus familiares est\u00e3o bem. Est\u00e1vamos acompanhando sua evolu\u00e7\u00e3o, e torcendo pela sua vit\u00f3ria, pedi para toda a equipe de sa\u00fade o cuidado com ele e os demais pacientes. Somos gratos pelo comprometimento de todos\u201d.<\/p>\n<p>\u201cEstamos empenhados em aumentar a capacidade de atendimento da rede, e prover os materiais necess\u00e1rios para os profissionais de sa\u00fade, que realizam um trabalho de suma import\u00e2ncia. Mas refor\u00e7amos mais uma vez, que todos, sigam as orienta\u00e7\u00f5es e fiquem em casa, s\u00f3 saiam quando extremamente necess\u00e1rio\u201d, conclui o chefe do Executivo Municipal.<\/p>\n","protected":false},"excerpt":{"rendered":"<p>No dia 11 de abril, sob aplausos da equipe de sa\u00fade, ap\u00f3s 8 dias internado,&#8230;<\/p>\n","protected":false},"author":1,"featured_media":40405,"comment_status":"closed","ping_status":"closed","sticky":false,"template":"","format":"standard","meta":{"footnotes":""},"categories":[8,21],"tags":[],"class_list":["post-40404","post","type-post","status-publish","format-standard","has-post-thumbnail","hentry","category-destaque","category-saude"],"_links":{"self":[{"href":"https:\/\/www.corumbaonline.com.br\/news\/wp-json\/wp\/v2\/posts\/40404","targetHints":{"allow":["GET"]}}],"collection":[{"href":"https:\/\/www.corumbaonline.com.br\/news\/wp-json\/wp\/v2\/posts"}],"about":[{"href":"https:\/\/www.corumbaonline.com.br\/news\/wp-json\/wp\/v2\/types\/post"}],"author":[{"embeddable":true,"href":"https:\/\/www.corumbaonline.com.br\/news\/wp-json\/wp\/v2\/users\/1"}],"replies":[{"embeddable":true,"href":"https:\/\/www.corumbaonline.com.br\/news\/wp-json\/wp\/v2\/comments?post=40404"}],"version-history":[{"count":1,"href":"https:\/\/www.corumbaonline.com.br\/news\/wp-json\/wp\/v2\/posts\/40404\/revisions"}],"predecessor-version":[{"id":40406,"href":"https:\/\/www.corumbaonline.com.br\/news\/wp-json\/wp\/v2\/posts\/40404\/revisions\/40406"}],"wp:featuredmedia":[{"embeddable":true,"href":"https:\/\/www.corumbaonline.com.br\/news\/wp-json\/wp\/v2\/media\/40405"}],"wp:attachment":[{"href":"https:\/\/www.corumbaonline.com.br\/news\/wp-json\/wp\/v2\/media?parent=40404"}],"wp:term":[{"taxonomy":"category","embeddable":true,"href":"https:\/\/www.corumbaonline.com.br\/news\/wp-json\/wp\/v2\/categories?post=40404"},{"taxonomy":"post_tag","embeddable":true,"href":"https:\/\/www.corumbaonline.com.br\/news\/wp-json\/wp\/v2\/tags?post=40404"}],"curies":[{"name":"wp","href":"https:\/\/api.w.org\/{rel}","templated":true}]}}