{"id":40412,"date":"2020-04-12T15:00:00","date_gmt":"2020-04-12T19:00:00","guid":{"rendered":"http:\/\/www.corumbaonline.com.br\/news\/?p=40412"},"modified":"2020-04-13T22:46:36","modified_gmt":"2020-04-14T02:46:36","slug":"papa-apela-ao-contagio-da-esperanca-para-derrotar-o-coronavirus","status":"publish","type":"post","link":"https:\/\/www.corumbaonline.com.br\/news\/papa-apela-ao-contagio-da-esperanca-para-derrotar-o-coronavirus\/","title":{"rendered":"Papa apela ao &#8220;cont\u00e1gio da esperan\u00e7a&#8221; para derrotar o coronav\u00edrus"},"content":{"rendered":"<p>O papa Francisco prop\u00f4s hoje (12) a redu\u00e7\u00e3o ou mesmo a anula\u00e7\u00e3o da d\u00edvida dos pa\u00edses pobres. Ele apelou a um &#8220;cessar-fogo mundial e imediato&#8221; e a uma redu\u00e7\u00e3o das san\u00e7\u00f5es internacionais, considerando a pandemia da covid-19.<\/p>\n<p>Na sua mensagem de P\u00e1scoa, lida numa bas\u00edlica de S. Pedro vazia, o papa desejou que &#8220;sejam aligeiradas as san\u00e7\u00f5es internacionais que impedem os pa\u00edses que as sofrem de proporcionarem um apoio conveniente aos seus cidad\u00e3os&#8221; e apelou \u00e0 solidariedade internacional &#8220;reduzindo, se n\u00e3o mesmo anulando, a d\u00edvida que pesa sobre os or\u00e7amentos dos pa\u00edses mais pobres&#8221;.<\/p>\n<h2>Armas<\/h2>\n<p>Na mensagem, ele apelou a um &#8220;cessar-fogo mundial e imediato&#8221;. \u201cN\u00e3o \u00e9 tempo de continuar a fabricar e a traficar armas, desperdi\u00e7ando avultados capitais que deveriam ser utilizados para tratar as pessoas e salvar vidas&#8221;, disse.<\/p>\n<p>O chefe da igreja cat\u00f3lica pediu ainda \u00e0 Europa &#8220;solidariedade&#8221; e &#8220;solu\u00e7\u00f5es inovadoras&#8221; diante da pandemia da covid-19.<\/p>\n<p>Francisco dirigiu os seus pensamentos &#8220;a todos aqueles que foram atingidos diretamente pelo coronav\u00edrus&#8221;, aos &#8220;doentes, aos que morreram e \u00e0s fam\u00edlias&#8221;.<\/p>\n<p>Num mundo &#8220;oprimido pela pandemia, que coloca uma dura prova \u00e0 nossa grande fam\u00edlia humana&#8221;, \u00e9 preciso responder com o &#8220;cont\u00e1gio da esperan\u00e7a&#8221;, afirmou.<\/p>\n","protected":false},"excerpt":{"rendered":"<p>O papa Francisco prop\u00f4s hoje (12) a redu\u00e7\u00e3o ou mesmo a anula\u00e7\u00e3o da d\u00edvida dos&#8230;<\/p>\n","protected":false},"author":1,"featured_media":0,"comment_status":"closed","ping_status":"closed","sticky":false,"template":"","format":"standard","meta":{"footnotes":""},"categories":[21],"tags":[],"class_list":["post-40412","post","type-post","status-publish","format-standard","hentry","category-saude"],"_links":{"self":[{"href":"https:\/\/www.corumbaonline.com.br\/news\/wp-json\/wp\/v2\/posts\/40412","targetHints":{"allow":["GET"]}}],"collection":[{"href":"https:\/\/www.corumbaonline.com.br\/news\/wp-json\/wp\/v2\/posts"}],"about":[{"href":"https:\/\/www.corumbaonline.com.br\/news\/wp-json\/wp\/v2\/types\/post"}],"author":[{"embeddable":true,"href":"https:\/\/www.corumbaonline.com.br\/news\/wp-json\/wp\/v2\/users\/1"}],"replies":[{"embeddable":true,"href":"https:\/\/www.corumbaonline.com.br\/news\/wp-json\/wp\/v2\/comments?post=40412"}],"version-history":[{"count":1,"href":"https:\/\/www.corumbaonline.com.br\/news\/wp-json\/wp\/v2\/posts\/40412\/revisions"}],"predecessor-version":[{"id":40413,"href":"https:\/\/www.corumbaonline.com.br\/news\/wp-json\/wp\/v2\/posts\/40412\/revisions\/40413"}],"wp:attachment":[{"href":"https:\/\/www.corumbaonline.com.br\/news\/wp-json\/wp\/v2\/media?parent=40412"}],"wp:term":[{"taxonomy":"category","embeddable":true,"href":"https:\/\/www.corumbaonline.com.br\/news\/wp-json\/wp\/v2\/categories?post=40412"},{"taxonomy":"post_tag","embeddable":true,"href":"https:\/\/www.corumbaonline.com.br\/news\/wp-json\/wp\/v2\/tags?post=40412"}],"curies":[{"name":"wp","href":"https:\/\/api.w.org\/{rel}","templated":true}]}}