{"id":40418,"date":"2020-04-13T08:29:00","date_gmt":"2020-04-13T12:29:00","guid":{"rendered":"http:\/\/www.corumbaonline.com.br\/news\/?p=40418"},"modified":"2020-04-13T22:46:36","modified_gmt":"2020-04-14T02:46:36","slug":"isolamento-social-continua-baixo-em-ms-e-consequencias-podem-vir-em-duas-semanas","status":"publish","type":"post","link":"https:\/\/www.corumbaonline.com.br\/news\/isolamento-social-continua-baixo-em-ms-e-consequencias-podem-vir-em-duas-semanas\/","title":{"rendered":"Isolamento social continua baixo em MS e consequ\u00eancias podem vir em duas semanas"},"content":{"rendered":"<p>A ades\u00e3o do sul-mato-grossense ao isolamento chegou a 47,7% neste s\u00e1bado (11) conforme mostra o sistema de monitoramento da In Loco que mede a taxa m\u00e9dia de distanciamento social em todo Pa\u00eds com base nos dados de geolocaliza\u00e7\u00e3o de aparelhos celulares. A m\u00e9dia nacional para o s\u00e1bado foi de 52,4%, e o estado voltou a segunda pior posi\u00e7\u00e3o do ranking.<\/p>\n<p>Sete Quedas (29,6%), Tacuru (37%), Iguatemi (39,1%), Gl\u00f3ria de Dourados (40,7%), Navira\u00ed (40,9%), Figueir\u00e3o (41%), Alcin\u00f3polis (41,3%), Ivinhema (41,8%), Maracaju (42,7%) e Jardim (43,3%) s\u00e3o os munic\u00edpios de Mato Grosso do Sul que ocupam as dez piores coloca\u00e7\u00f5es no ranking das cidades.<\/p>\n<p><img loading=\"lazy\" decoding=\"async\" class=\"alignnone wp-image-302510 size-large\" src=\"http:\/\/www.ms.gov.br\/wp-content\/uploads\/sites\/150\/2020\/04\/BRASIL_SABADO_11_ABRIL-1024x566.png\" sizes=\"auto, (max-width: 1024px) 100vw, 1024px\" srcset=\"http:\/\/www.ms.gov.br\/wp-content\/uploads\/sites\/150\/2020\/04\/BRASIL_SABADO_11_ABRIL-1024x566.png 1024w, http:\/\/www.ms.gov.br\/wp-content\/uploads\/sites\/150\/2020\/04\/BRASIL_SABADO_11_ABRIL-300x166.png 300w, http:\/\/www.ms.gov.br\/wp-content\/uploads\/sites\/150\/2020\/04\/BRASIL_SABADO_11_ABRIL-768x424.png 768w\" alt=\"\" width=\"1024\" height=\"566\" \/><\/p>\n<p>A baixa ades\u00e3o ao isolamento social identificado nos \u00faltimos dias, pode vir a sobrecarregar o sistema p\u00fablico de sa\u00fade nas pr\u00f3ximas duas semanas, provocando o que as autoridades mais temiam: o pico da pandemia com n\u00famero de leitos insuficiente para atender todos os infectados pela Covid-19.<\/p>\n<p>Durante apresenta\u00e7\u00e3o da taxa m\u00e9dia de isolamento social na live deste domingo (12) o secret\u00e1rio de estado de sa\u00fade, Geraldo Rezende pediu aten\u00e7\u00e3o de prefeitos e secret\u00e1rios de sa\u00fade para esse monitoramento e suas poss\u00edveis consequ\u00eancias.<\/p>\n<p>\u201cEstamos divulgando para que prefeitos e secret\u00e1rios de sa\u00fade tenham de fato a no\u00e7\u00e3o, e possam fazer interven\u00e7\u00f5es no sentido de chamar a popula\u00e7\u00e3o ao isolamento social. Quero dizer mais uma vez que aquilo que acontece hoje com rela\u00e7\u00e3o ao isolamento social, vai estar diretamente ligado ao acr\u00e9scimo de casos que v\u00e3o acontecer daqui a duas ou tr\u00eas semanas\u201d, destacou.<\/p>\n<p>Neste domingo (12) a Secretaria de Estado de Sa\u00fade (SES) anunciou mais um caso de coronav\u00edrus em Mato Grosso do Sul, passando a 101 o n\u00famero de confirmados, e 63 est\u00e3o em investiga\u00e7\u00e3o. \u00a0Confira o boletim completo e detalhado <a href=\"https:\/\/www.coronavirus.ms.gov.br\/wp-content\/uploads\/2020\/04\/Boletim-Epidemiol%C3%B3gico-COVID-19-2020.04.12-1.pdf\"><strong>aqui<\/strong><\/a>.<\/p>\n","protected":false},"excerpt":{"rendered":"<p>A ades\u00e3o do sul-mato-grossense ao isolamento chegou a 47,7% neste s\u00e1bado (11) conforme mostra o&#8230;<\/p>\n","protected":false},"author":1,"featured_media":0,"comment_status":"closed","ping_status":"closed","sticky":false,"template":"","format":"standard","meta":{"footnotes":""},"categories":[21],"tags":[],"class_list":["post-40418","post","type-post","status-publish","format-standard","hentry","category-saude"],"_links":{"self":[{"href":"https:\/\/www.corumbaonline.com.br\/news\/wp-json\/wp\/v2\/posts\/40418","targetHints":{"allow":["GET"]}}],"collection":[{"href":"https:\/\/www.corumbaonline.com.br\/news\/wp-json\/wp\/v2\/posts"}],"about":[{"href":"https:\/\/www.corumbaonline.com.br\/news\/wp-json\/wp\/v2\/types\/post"}],"author":[{"embeddable":true,"href":"https:\/\/www.corumbaonline.com.br\/news\/wp-json\/wp\/v2\/users\/1"}],"replies":[{"embeddable":true,"href":"https:\/\/www.corumbaonline.com.br\/news\/wp-json\/wp\/v2\/comments?post=40418"}],"version-history":[{"count":1,"href":"https:\/\/www.corumbaonline.com.br\/news\/wp-json\/wp\/v2\/posts\/40418\/revisions"}],"predecessor-version":[{"id":40419,"href":"https:\/\/www.corumbaonline.com.br\/news\/wp-json\/wp\/v2\/posts\/40418\/revisions\/40419"}],"wp:attachment":[{"href":"https:\/\/www.corumbaonline.com.br\/news\/wp-json\/wp\/v2\/media?parent=40418"}],"wp:term":[{"taxonomy":"category","embeddable":true,"href":"https:\/\/www.corumbaonline.com.br\/news\/wp-json\/wp\/v2\/categories?post=40418"},{"taxonomy":"post_tag","embeddable":true,"href":"https:\/\/www.corumbaonline.com.br\/news\/wp-json\/wp\/v2\/tags?post=40418"}],"curies":[{"name":"wp","href":"https:\/\/api.w.org\/{rel}","templated":true}]}}