{"id":40437,"date":"2020-04-13T10:36:00","date_gmt":"2020-04-13T14:36:00","guid":{"rendered":"http:\/\/www.corumbaonline.com.br\/news\/?p=40437"},"modified":"2020-04-13T22:46:34","modified_gmt":"2020-04-14T02:46:34","slug":"o-descumprimento-de-isolamento-domiciliar-ou-quarentena-e-crime","status":"publish","type":"post","link":"https:\/\/www.corumbaonline.com.br\/news\/o-descumprimento-de-isolamento-domiciliar-ou-quarentena-e-crime\/","title":{"rendered":"O descumprimento de isolamento domiciliar ou quarentena \u00e9 crime"},"content":{"rendered":"<p align=\"justify\">Pessoas que foram notificadas pelos Fiscais da Vigil\u00e2ncia Sanit\u00e1ria a realizaram o isolamento domiciliar ou quarentena poder\u00e3o sofrer responsabiliza\u00e7\u00e3o civil, administrativa e penal, caso n\u00e3o cumpram a determina\u00e7\u00e3o.<\/p>\n<p align=\"justify\">Est\u00e3o sendo notificados\u00a0os viajantes que passam pelas entradas da cidade, seja no Posto Fiscal Lampi\u00e3o Acesso e no Posto Esdras que faz divisa com a Bol\u00edvia, e pessoas que tenham suspeitas de estar contaminadas com o Covid-19, ou que tenham tido contato com casos confirmados.<\/p>\n<p align=\"justify\">A Prefeitura de Corumb\u00e1 aplicar\u00e1 a\u00a0Portaria Interministerial N\u00ba5, de 17 de mar\u00e7o de 2020, que disp\u00f5e sobre a compulsoriedade das medidas de enfrentamento da emerg\u00eancia de sa\u00fade p\u00fablica.<\/p>\n<p align=\"justify\">A portaria \u00e9 baseada nos artigos 268 e 330 do C\u00f3digo Penal. O primeiro afirma que \u00e9 crime contra a sa\u00fade p\u00fablica \u201cinfringir determina\u00e7\u00e3o do poder p\u00fablico, destinada a impedir introdu\u00e7\u00e3o ou propaga\u00e7\u00e3o de doen\u00e7a contagiosa\u201d \u2013 neste caso, a pena \u00e9 deten\u00e7\u00e3o, de um m\u00eas a um ano, e multa.<\/p>\n<p align=\"justify\">O segundo artigo, por sua vez, estabelece que \u00e9 crime \u201cdesobedecer a ordem legal de funcion\u00e1rio p\u00fablico\u201d, com pena de deten\u00e7\u00e3o, de quinze dias a seis meses, e multa. Ainda poder\u00e1 ser solicitado o aux\u00edlio de for\u00e7a policial nos casos de recusa ou desobedi\u00eancia.<\/p>\n<p align=\"justify\">O Secret\u00e1rio de Sa\u00fade, Rog\u00e9rio Leite refor\u00e7a que esta situa\u00e7\u00e3o n\u00e3o \u00e9 exclusiva de Corumb\u00e1, \u201cestamos atentos como o mundo est\u00e1 conduzindo a situa\u00e7\u00e3o, estamos seguindo as orienta\u00e7\u00f5es da OMS e do Minist\u00e9rio, a melhor medida para evitar a propaga\u00e7\u00e3o \u00e9 o isolamento, a aplica\u00e7\u00e3o desta portaria visa somente a prote\u00e7\u00e3o da sa\u00fade de toda a popula\u00e7\u00e3o.\u201d<\/p>\n<p align=\"justify\">Para Marcelo Iunes a colabora\u00e7\u00e3o da popula\u00e7\u00e3o \u00e9 fundamental, \u201ca administra\u00e7\u00e3o p\u00fablica est\u00e1 tomando diversas medidas de preven\u00e7\u00e3o ao Codiv-19, a participa\u00e7\u00e3o e uni\u00e3o da popula\u00e7\u00e3o \u00e9 de suma import\u00e2ncia. O objetivo \u00e9 salvaguardar os corumbaenses, e se for necess\u00e1rio medidas mais incisivas, como esta, poder\u00e3o ser\u00e3o tomadas.\u201d<\/p>\n<p align=\"justify\">Den\u00fancias poder\u00e3o ser feitas no 190.<\/p>\n","protected":false},"excerpt":{"rendered":"<p>Pessoas que foram notificadas pelos Fiscais da Vigil\u00e2ncia Sanit\u00e1ria a realizaram o isolamento domiciliar ou&#8230;<\/p>\n","protected":false},"author":1,"featured_media":0,"comment_status":"closed","ping_status":"closed","sticky":false,"template":"","format":"standard","meta":{"footnotes":""},"categories":[14,21],"tags":[],"class_list":["post-40437","post","type-post","status-publish","format-standard","hentry","category-geral","category-saude"],"_links":{"self":[{"href":"https:\/\/www.corumbaonline.com.br\/news\/wp-json\/wp\/v2\/posts\/40437","targetHints":{"allow":["GET"]}}],"collection":[{"href":"https:\/\/www.corumbaonline.com.br\/news\/wp-json\/wp\/v2\/posts"}],"about":[{"href":"https:\/\/www.corumbaonline.com.br\/news\/wp-json\/wp\/v2\/types\/post"}],"author":[{"embeddable":true,"href":"https:\/\/www.corumbaonline.com.br\/news\/wp-json\/wp\/v2\/users\/1"}],"replies":[{"embeddable":true,"href":"https:\/\/www.corumbaonline.com.br\/news\/wp-json\/wp\/v2\/comments?post=40437"}],"version-history":[{"count":1,"href":"https:\/\/www.corumbaonline.com.br\/news\/wp-json\/wp\/v2\/posts\/40437\/revisions"}],"predecessor-version":[{"id":40438,"href":"https:\/\/www.corumbaonline.com.br\/news\/wp-json\/wp\/v2\/posts\/40437\/revisions\/40438"}],"wp:attachment":[{"href":"https:\/\/www.corumbaonline.com.br\/news\/wp-json\/wp\/v2\/media?parent=40437"}],"wp:term":[{"taxonomy":"category","embeddable":true,"href":"https:\/\/www.corumbaonline.com.br\/news\/wp-json\/wp\/v2\/categories?post=40437"},{"taxonomy":"post_tag","embeddable":true,"href":"https:\/\/www.corumbaonline.com.br\/news\/wp-json\/wp\/v2\/tags?post=40437"}],"curies":[{"name":"wp","href":"https:\/\/api.w.org\/{rel}","templated":true}]}}