{"id":41042,"date":"2020-05-05T09:47:00","date_gmt":"2020-05-05T13:47:00","guid":{"rendered":"http:\/\/www.corumbaonline.com.br\/news\/?p=41042"},"modified":"2020-05-05T11:51:38","modified_gmt":"2020-05-05T15:51:38","slug":"maestro-dante-mantovani-e-nomeado-para-a-presidencia-da-funarte","status":"publish","type":"post","link":"https:\/\/www.corumbaonline.com.br\/news\/maestro-dante-mantovani-e-nomeado-para-a-presidencia-da-funarte\/","title":{"rendered":"Maestro Dante Mantovani \u00e9 nomeado para a presid\u00eancia da Funarte"},"content":{"rendered":"<p>O maestro Dante Mantovani foi nomeado novamente\u00a0hoje\u00a0(5) como presidente da Funda\u00e7\u00e3o Nacional de Artes (Funarte). A portaria assinada pelo ministro-chefe da Casa Civil, Walter Braga Netto, foi publicada no\u00a0<a href=\"http:\/\/www.in.gov.br\/web\/dou\/-\/portaria-n-211-de-4-de-maio-de-2020-255174306\" target=\"_blank\" rel=\"noopener noreferrer\">Di\u00e1rio Oficial da Uni\u00e3o\u00a0<\/a>\u00a0desta\u00a0ter\u00e7a-feira.<\/p>\n<p>Mantovani ocupou o mesmo cargo at\u00e9 mar\u00e7o deste ano, quando foi exonerado da fun\u00e7\u00e3o ap\u00f3s a atriz Regina Duarte assumir a Secretaria Especial da Cultura do Minist\u00e9rio do Turismo. A presid\u00eancia da Funarte estava sendo exercida desde ent\u00e3o pelo servidor Marcos Teixeira Campos, indicado por Regina.<\/p>\n<p>Reconduzido\u00a0hoje, Mantovani disse que levar\u00e1 \u201carte e esperan\u00e7a para todo o Brasil, no momento em que nossa civiliza\u00e7\u00e3o mais precisa\u201d. \u201cMeus agradecimentos ao Presidente [Jair] Bolsonaro pela confian\u00e7a. Este vosso soldado, capit\u00e3o, mover\u00e1 o mundo para corresponder \u00e0 grandeza desta nova miss\u00e3o\u201d, escreveu em sua conta pessoal no Twitter.<\/p>\n<p>A Funarte \u00e9 o \u00f3rg\u00e3o federal respons\u00e1vel pelas pol\u00edticas p\u00fablicas de fomento \u00e0s artes no pa\u00eds e alcan\u00e7a as \u00e1reas de circo, dan\u00e7a e teatro; de m\u00fasica, de concerto, popular e de bandas; de artes visuais; e tamb\u00e9m a preserva\u00e7\u00e3o da mem\u00f3ria das artes e a pesquisa na esfera art\u00edstica. Atualmente, a Funarte \u00e9 vinculada ao Minist\u00e9rio do Turismo.<\/p>\n","protected":false},"excerpt":{"rendered":"<p>O maestro Dante Mantovani foi nomeado novamente\u00a0hoje\u00a0(5) como presidente da Funda\u00e7\u00e3o Nacional de Artes (Funarte)&#8230;.<\/p>\n","protected":false},"author":1,"featured_media":0,"comment_status":"closed","ping_status":"closed","sticky":false,"template":"","format":"standard","meta":{"footnotes":""},"categories":[7,19,23],"tags":[],"class_list":["post-41042","post","type-post","status-publish","format-standard","hentry","category-cultura","category-politica","category-turismo"],"_links":{"self":[{"href":"https:\/\/www.corumbaonline.com.br\/news\/wp-json\/wp\/v2\/posts\/41042","targetHints":{"allow":["GET"]}}],"collection":[{"href":"https:\/\/www.corumbaonline.com.br\/news\/wp-json\/wp\/v2\/posts"}],"about":[{"href":"https:\/\/www.corumbaonline.com.br\/news\/wp-json\/wp\/v2\/types\/post"}],"author":[{"embeddable":true,"href":"https:\/\/www.corumbaonline.com.br\/news\/wp-json\/wp\/v2\/users\/1"}],"replies":[{"embeddable":true,"href":"https:\/\/www.corumbaonline.com.br\/news\/wp-json\/wp\/v2\/comments?post=41042"}],"version-history":[{"count":1,"href":"https:\/\/www.corumbaonline.com.br\/news\/wp-json\/wp\/v2\/posts\/41042\/revisions"}],"predecessor-version":[{"id":41043,"href":"https:\/\/www.corumbaonline.com.br\/news\/wp-json\/wp\/v2\/posts\/41042\/revisions\/41043"}],"wp:attachment":[{"href":"https:\/\/www.corumbaonline.com.br\/news\/wp-json\/wp\/v2\/media?parent=41042"}],"wp:term":[{"taxonomy":"category","embeddable":true,"href":"https:\/\/www.corumbaonline.com.br\/news\/wp-json\/wp\/v2\/categories?post=41042"},{"taxonomy":"post_tag","embeddable":true,"href":"https:\/\/www.corumbaonline.com.br\/news\/wp-json\/wp\/v2\/tags?post=41042"}],"curies":[{"name":"wp","href":"https:\/\/api.w.org\/{rel}","templated":true}]}}