{"id":41065,"date":"2020-05-06T09:16:00","date_gmt":"2020-05-06T13:16:00","guid":{"rendered":"http:\/\/www.corumbaonline.com.br\/news\/?p=41065"},"modified":"2020-05-06T09:16:14","modified_gmt":"2020-05-06T13:16:14","slug":"prefeitura-trabalha-acoes-para-garantir-combate-permanente-as-queimadas-no-pantanal","status":"publish","type":"post","link":"https:\/\/www.corumbaonline.com.br\/news\/prefeitura-trabalha-acoes-para-garantir-combate-permanente-as-queimadas-no-pantanal\/","title":{"rendered":"Prefeitura trabalha a\u00e7\u00f5es para garantir combate permanente \u00e0s queimadas no Pantanal"},"content":{"rendered":"<p>O prefeito Marcelo Iunes determinou \u00e0 Ag\u00eancia Municipal de Prote\u00e7\u00e3o e Defesa Civil de Corumb\u00e1 que fa\u00e7a o monitoramento di\u00e1rio dos focos de queimadas registrados no Munic\u00edpio.\u00a0<span id=\"more-70321\"><\/span>O acompanhamento permitira \u00e0 Prefeitura ter o conhecimento real da situa\u00e7\u00e3o e articular, junto a \u00f3rg\u00e3os parceiros, a\u00e7\u00f5es de preven\u00e7\u00e3o e controle aos focos de inc\u00eandio florestal.<\/p>\n<p>Iunes destacou que os focos de queimadas registradas em Corumb\u00e1 nos primeiros quatro meses de 2020 s\u00e3o uma situa\u00e7\u00e3o at\u00edpica para esta \u00e9poca do ano. Como o Munic\u00edpio deve contar com as Brigadas do Prevfogo somente no segundo semestre, o prefeito entende ser necess\u00e1rio o monitoramento di\u00e1rio da situa\u00e7\u00e3o para a tomada de a\u00e7\u00f5es.<\/p>\n<p>\u201cJ\u00e1 orientamos \u00e0 Defesa Civil para que monitore a situa\u00e7\u00e3o, bem como a Funda\u00e7\u00e3o do Meio Ambiente. \u00c9 preocupante, temos focos surgindo diariamente e muito pr\u00f3ximo da \u00e1rea urbana, a fuma\u00e7a pode causar problemas de sa\u00fade na nossa popula\u00e7\u00e3o\u201d, disse o prefeito. Iunes antecipou que entrou em contato com o deputado estadual Evander Vendramini para que o parlamentar leve a quest\u00e3o \u00e0 Assembleia Legislativa e autoridades estaduais.<\/p>\n<p>Marcelo Iunes ainda salientou que a Prefeitura de Corumb\u00e1 est\u00e1 \u00e0 disposi\u00e7\u00e3o para apoiar iniciativas de combate e preven\u00e7\u00e3o \u00e0s queimadas na regi\u00e3o pantaneira. De acordo com o prefeito, o Munic\u00edpio pode atuar nas a\u00e7\u00f5es sempre respeitando as atribui\u00e7\u00f5es e compet\u00eancias de atua\u00e7\u00e3o de cada esfera governamental.<\/p>\n<p>Segundo a diretora-presidente da Funda\u00e7\u00e3o de Meio Ambiente do Pantanal, Ana Cl\u00e1udia Boabaid, o inc\u00eandio atual est\u00e1 concentrado na regi\u00e3o da APA Ba\u00eda Negra, onde h\u00e1 um grande esfor\u00e7o dos bombeiros e agentes do Ibama. \u201cA mudan\u00e7a do vento acabou trazendo essa forte fuma\u00e7a aqui para a \u00e1rea urbana\u201d, disse.<\/p>\n<p>A diretora-presidente informou que a Prefeitura j\u00e1 trabalha na reestrutura\u00e7\u00e3o do Comit\u00ea de Combate ao Fogo, formado por v\u00e1rios \u00f3rg\u00e3os diretamente ligados ao tema, para definir alternativas vi\u00e1veis para a regi\u00e3o, como a manuten\u00e7\u00e3o permanente da Brigada do Prevfogo em Corumb\u00e1. \u201cEsse comit\u00ea deve ser criado por Lei Municipal e ter\u00e1 todo seu regimento atualizado. Com ele novamente funcionando, vamos encaminhar um relat\u00f3rio detalhado a Bras\u00edlia e defender a perman\u00eancia do Prevfogo em Corumb\u00e1\u201d, completou Ana Cl\u00e1udia.<\/p>\n<p>No m\u00eas passado, uma For\u00e7a-Tarefa \u2013 com a participa\u00e7\u00e3o de avi\u00f5es do Corpo de Bombeiros de Mato Grosso e Distrito Federal; helic\u00f3ptero da Pol\u00edcia Militar de Mato Grosso do Sul e mobilizando 37 bombeiros e brigadistas \u2013 combateu focos de queimadas no Parque Nacional do Pantanal, entre Corumb\u00e1 e Pocon\u00e9 (MT), e na regi\u00e3o da Baia Vermelha, pr\u00f3xima \u00e0 fronteira com a Bol\u00edvia.<\/p>\n<p>De acordo com o INPE (Instituto Nacional de Pesquisas Espaciais), Corumb\u00e1 lidera o ranking nacional de focos de queimadas por munic\u00edpio. Ao longo de todo o ano, o INPE contabilizou 1.368 focos de inc\u00eandios florestais na cidade. Somente em maio, Corumb\u00e1 registrou 65 focos.<\/p>\n","protected":false},"excerpt":{"rendered":"<p>O prefeito Marcelo Iunes determinou \u00e0 Ag\u00eancia Municipal de Prote\u00e7\u00e3o e Defesa Civil de Corumb\u00e1&#8230;<\/p>\n","protected":false},"author":1,"featured_media":41066,"comment_status":"closed","ping_status":"closed","sticky":false,"template":"","format":"standard","meta":{"footnotes":""},"categories":[8,17],"tags":[],"class_list":["post-41065","post","type-post","status-publish","format-standard","has-post-thumbnail","hentry","category-destaque","category-meio-ambiente"],"_links":{"self":[{"href":"https:\/\/www.corumbaonline.com.br\/news\/wp-json\/wp\/v2\/posts\/41065","targetHints":{"allow":["GET"]}}],"collection":[{"href":"https:\/\/www.corumbaonline.com.br\/news\/wp-json\/wp\/v2\/posts"}],"about":[{"href":"https:\/\/www.corumbaonline.com.br\/news\/wp-json\/wp\/v2\/types\/post"}],"author":[{"embeddable":true,"href":"https:\/\/www.corumbaonline.com.br\/news\/wp-json\/wp\/v2\/users\/1"}],"replies":[{"embeddable":true,"href":"https:\/\/www.corumbaonline.com.br\/news\/wp-json\/wp\/v2\/comments?post=41065"}],"version-history":[{"count":2,"href":"https:\/\/www.corumbaonline.com.br\/news\/wp-json\/wp\/v2\/posts\/41065\/revisions"}],"predecessor-version":[{"id":41070,"href":"https:\/\/www.corumbaonline.com.br\/news\/wp-json\/wp\/v2\/posts\/41065\/revisions\/41070"}],"wp:featuredmedia":[{"embeddable":true,"href":"https:\/\/www.corumbaonline.com.br\/news\/wp-json\/wp\/v2\/media\/41066"}],"wp:attachment":[{"href":"https:\/\/www.corumbaonline.com.br\/news\/wp-json\/wp\/v2\/media?parent=41065"}],"wp:term":[{"taxonomy":"category","embeddable":true,"href":"https:\/\/www.corumbaonline.com.br\/news\/wp-json\/wp\/v2\/categories?post=41065"},{"taxonomy":"post_tag","embeddable":true,"href":"https:\/\/www.corumbaonline.com.br\/news\/wp-json\/wp\/v2\/tags?post=41065"}],"curies":[{"name":"wp","href":"https:\/\/api.w.org\/{rel}","templated":true}]}}