{"id":41067,"date":"2020-05-06T08:52:00","date_gmt":"2020-05-06T12:52:00","guid":{"rendered":"http:\/\/www.corumbaonline.com.br\/news\/?p=41067"},"modified":"2020-05-06T09:12:24","modified_gmt":"2020-05-06T13:12:24","slug":"alms-tres-propostas-estao-pautadas-para-votacao-na-ordem-do-dia-desta-quarta-feira","status":"publish","type":"post","link":"https:\/\/www.corumbaonline.com.br\/news\/alms-tres-propostas-estao-pautadas-para-votacao-na-ordem-do-dia-desta-quarta-feira\/","title":{"rendered":"ALMS: tr\u00eas propostas est\u00e3o pautadas para vota\u00e7\u00e3o na Ordem do Dia desta quarta-feira"},"content":{"rendered":"<p>Tr\u00eas mat\u00e9rias est\u00e3o previstas para aprecia\u00e7\u00e3o na Ordem do Dia desta quarta-feira (6).\u00a0Todas as propostas devem passar por primeira discuss\u00e3o e contam parecer contr\u00e1rio por maioria da Comiss\u00e3o de Constitui\u00e7\u00e3o, Justi\u00e7a e Reda\u00e7\u00e3o (CCJR).<\/p>\n<p>De autoria do deputado Jo\u00e3o Henrique (PL), os parlamentares devem votar o\u00a0<a href=\"http:\/\/sgpl.consulta.al.ms.gov.br\/sgpl-publico\/#\/linha-tempo?idProposicao=87611\" target=\"_blank\" rel=\"noopener noreferrer\">Projeto de Lei 308\/2019<\/a>, que institui o Programa CNH Social no \u00e2mbito de Mato Grosso do Sul; e o\u00a0<a href=\"http:\/\/sgpl.consulta.al.ms.gov.br\/sgpl-publico\/#\/linha-tempo?idProposicao=87255\" target=\"_blank\" rel=\"noopener noreferrer\">Projeto de Resolu\u00e7\u00e3o 136\/2019<\/a>, que aprova a apresenta\u00e7\u00e3o \u00e0 C\u00e2mara dos Deputados de Proposta de Emenda \u00e0 Constitui\u00e7\u00e3o Federal, para alterar o inciso LVII, do art. 5\u00ba, a fim de determinar que ningu\u00e9m ser\u00e1 considerado culpado at\u00e9 a confirma\u00e7\u00e3o de senten\u00e7a penal condenat\u00f3ria em segundo grau de recurso.<\/p>\n<p>J\u00e1 o\u00a0<a href=\"http:\/\/sgpl.consulta.al.ms.gov.br\/sgpl-publico\/#\/linha-tempo?idProposicao=88323\" target=\"_blank\" rel=\"noopener noreferrer\">Projeto de Lei 16\/2020<\/a>\u00a0disp\u00f5e sobre a possibilidade de quita\u00e7\u00e3o das faturas em atraso no ato da interrup\u00e7\u00e3o dos servi\u00e7os essenciais no Estado. O documento foi\u00a0 proposto pelo deputado Mar\u00e7al Filho (PSDB).<\/p>\n","protected":false},"excerpt":{"rendered":"<p>Tr\u00eas mat\u00e9rias est\u00e3o previstas para aprecia\u00e7\u00e3o na Ordem do Dia desta quarta-feira (6).\u00a0Todas as propostas&#8230;<\/p>\n","protected":false},"author":1,"featured_media":0,"comment_status":"closed","ping_status":"closed","sticky":false,"template":"","format":"standard","meta":{"footnotes":""},"categories":[19],"tags":[],"class_list":["post-41067","post","type-post","status-publish","format-standard","hentry","category-politica"],"_links":{"self":[{"href":"https:\/\/www.corumbaonline.com.br\/news\/wp-json\/wp\/v2\/posts\/41067","targetHints":{"allow":["GET"]}}],"collection":[{"href":"https:\/\/www.corumbaonline.com.br\/news\/wp-json\/wp\/v2\/posts"}],"about":[{"href":"https:\/\/www.corumbaonline.com.br\/news\/wp-json\/wp\/v2\/types\/post"}],"author":[{"embeddable":true,"href":"https:\/\/www.corumbaonline.com.br\/news\/wp-json\/wp\/v2\/users\/1"}],"replies":[{"embeddable":true,"href":"https:\/\/www.corumbaonline.com.br\/news\/wp-json\/wp\/v2\/comments?post=41067"}],"version-history":[{"count":1,"href":"https:\/\/www.corumbaonline.com.br\/news\/wp-json\/wp\/v2\/posts\/41067\/revisions"}],"predecessor-version":[{"id":41069,"href":"https:\/\/www.corumbaonline.com.br\/news\/wp-json\/wp\/v2\/posts\/41067\/revisions\/41069"}],"wp:attachment":[{"href":"https:\/\/www.corumbaonline.com.br\/news\/wp-json\/wp\/v2\/media?parent=41067"}],"wp:term":[{"taxonomy":"category","embeddable":true,"href":"https:\/\/www.corumbaonline.com.br\/news\/wp-json\/wp\/v2\/categories?post=41067"},{"taxonomy":"post_tag","embeddable":true,"href":"https:\/\/www.corumbaonline.com.br\/news\/wp-json\/wp\/v2\/tags?post=41067"}],"curies":[{"name":"wp","href":"https:\/\/api.w.org\/{rel}","templated":true}]}}