{"id":41202,"date":"2020-05-12T08:40:00","date_gmt":"2020-05-12T12:40:00","guid":{"rendered":"http:\/\/www.corumbaonline.com.br\/news\/?p=41202"},"modified":"2020-05-12T09:36:02","modified_gmt":"2020-05-12T13:36:02","slug":"alms-deputados-devem-apreciar-quatro-materias-na-ordem-do-dia-desta-terca-feira","status":"publish","type":"post","link":"https:\/\/www.corumbaonline.com.br\/news\/alms-deputados-devem-apreciar-quatro-materias-na-ordem-do-dia-desta-terca-feira\/","title":{"rendered":"ALMS: deputados devem apreciar quatro mat\u00e9rias na Ordem do Dia desta ter\u00e7a-feira"},"content":{"rendered":"<p>Com parecer favor\u00e1vel das respectivas comiss\u00f5es de m\u00e9rito, quatro mat\u00e9rias est\u00e3o pautadas para segunda discuss\u00e3o na Ordem do Dia desta ter\u00e7a-feira (12). Os parlamentares devem votar o\u00a0Projeto de Lei 237\/2019, do deputado Ant\u00f4nio Vaz (Republicanos), que institui a Semana Estadual da Sa\u00fade em Mato Grosso do Sul.<\/p>\n<p>O\u00a0Projeto de Lei 298\/2019, do deputado Barbosinha (DEM), inclui no calend\u00e1rio oficial de eventos do Estado o Dia Estadual do Trabalhador em Saneamento &#8211; a ser comemorado anualmente no dia 22 de mar\u00e7o. J\u00e1 o\u00a0Projeto de Lei 200\/2019, de autoria do deputado Jamilson Name (Sem Partido), pretende incluir no calend\u00e1rio de eventos a Costelada Pantaneira.<\/p>\n<p>O\u00a0Projeto de Lei Complementar 10\/2019, do Poder Executivo, altera a reda\u00e7\u00e3o e acrescenta dispositivos \u00e0 Lei Complementar 213, de 22 de dezembro de 2015, que cria o Conselho de Fiscaliza\u00e7\u00e3o dos Crit\u00e9rios de Divis\u00e3o e Creditamento das Parcelas Pertencentes aos Munic\u00edpios, conforme o art. 156 da Constitui\u00e7\u00e3o Estadual.<\/p>\n","protected":false},"excerpt":{"rendered":"<p>Com parecer favor\u00e1vel das respectivas comiss\u00f5es de m\u00e9rito, quatro mat\u00e9rias est\u00e3o pautadas para segunda discuss\u00e3o&#8230;<\/p>\n","protected":false},"author":1,"featured_media":0,"comment_status":"closed","ping_status":"closed","sticky":false,"template":"","format":"standard","meta":{"footnotes":""},"categories":[19],"tags":[],"class_list":["post-41202","post","type-post","status-publish","format-standard","hentry","category-politica"],"_links":{"self":[{"href":"https:\/\/www.corumbaonline.com.br\/news\/wp-json\/wp\/v2\/posts\/41202","targetHints":{"allow":["GET"]}}],"collection":[{"href":"https:\/\/www.corumbaonline.com.br\/news\/wp-json\/wp\/v2\/posts"}],"about":[{"href":"https:\/\/www.corumbaonline.com.br\/news\/wp-json\/wp\/v2\/types\/post"}],"author":[{"embeddable":true,"href":"https:\/\/www.corumbaonline.com.br\/news\/wp-json\/wp\/v2\/users\/1"}],"replies":[{"embeddable":true,"href":"https:\/\/www.corumbaonline.com.br\/news\/wp-json\/wp\/v2\/comments?post=41202"}],"version-history":[{"count":1,"href":"https:\/\/www.corumbaonline.com.br\/news\/wp-json\/wp\/v2\/posts\/41202\/revisions"}],"predecessor-version":[{"id":41203,"href":"https:\/\/www.corumbaonline.com.br\/news\/wp-json\/wp\/v2\/posts\/41202\/revisions\/41203"}],"wp:attachment":[{"href":"https:\/\/www.corumbaonline.com.br\/news\/wp-json\/wp\/v2\/media?parent=41202"}],"wp:term":[{"taxonomy":"category","embeddable":true,"href":"https:\/\/www.corumbaonline.com.br\/news\/wp-json\/wp\/v2\/categories?post=41202"},{"taxonomy":"post_tag","embeddable":true,"href":"https:\/\/www.corumbaonline.com.br\/news\/wp-json\/wp\/v2\/tags?post=41202"}],"curies":[{"name":"wp","href":"https:\/\/api.w.org\/{rel}","templated":true}]}}