{"id":41209,"date":"2020-05-12T09:28:00","date_gmt":"2020-05-12T13:28:00","guid":{"rendered":"http:\/\/www.corumbaonline.com.br\/news\/?p=41209"},"modified":"2020-05-12T10:36:11","modified_gmt":"2020-05-12T14:36:11","slug":"bolsonaro-promete-projeto-sobre-ideologia-de-genero","status":"publish","type":"post","link":"https:\/\/www.corumbaonline.com.br\/news\/bolsonaro-promete-projeto-sobre-ideologia-de-genero\/","title":{"rendered":"Bolsonaro promete projeto sobre ideologia de g\u00eanero"},"content":{"rendered":"<p>O presidente\u00a0Jair Bolsonaro\u00a0afirmou nesta ter\u00e7a-feira (12) que deve enviar hoje um &#8220;projeto federal com\u00a0urg\u00eancia constitucional&#8221; sobre\u00a0ideologia de g\u00eanero. Em evento de hasteamento da Bandeira Nacional, com a participa\u00e7\u00e3o de ministros, Bolsonaro ouviu o pedido de uma crian\u00e7a: &#8220;N\u00f3s crian\u00e7as n\u00e3o queremos a ideologia do g\u00eanero&#8221;.<\/p>\n<p>O grupo de crian\u00e7as era tutelado pelo padre polon\u00eas Pedro Stepien,\u00a0ativista antiaborto\u00a0que costuma comparecer ao Pal\u00e1cio da Alvorada para fazer pedidos ao presidente &#8211; entre eles o fim do aborto e da lei de aliena\u00e7\u00e3o parental.<\/p>\n<p>&#8220;N\u00f3s sabemos que por 11 a 0 o Supremo Tribunal Federal derrubou uma lei municipal que proibia a ideologia de g\u00eanero&#8221;, disse Bolsonaro. Em 24 de abril, o STF julgou inconstitucional uma lei do munic\u00edpio de Novo Gama (GO) que proibia a discuss\u00e3o de g\u00eanero nas escolas. A legisla\u00e7\u00e3o vedava a veicula\u00e7\u00e3o de informa\u00e7\u00f5es e materiais no ambiente escolar que tratasse sobre ideologia de g\u00eanero.<\/p>\n<p>&#8220;J\u00e1 pedi ontem (segunda-feira) para o Major Jorge, nosso ministro (Jorge Oliveira, da Secretaria-Geral da Presid\u00eancia), que providenciasse uma lei federal agora, um projeto, e devemos apresentar hoje esse projeto com urg\u00eancia constitucional&#8221;, declarou o presidente.<\/p>\n","protected":false},"excerpt":{"rendered":"<p>O presidente\u00a0Jair Bolsonaro\u00a0afirmou nesta ter\u00e7a-feira (12) que deve enviar hoje um &#8220;projeto federal com\u00a0urg\u00eancia constitucional&#8221;&#8230;<\/p>\n","protected":false},"author":1,"featured_media":0,"comment_status":"closed","ping_status":"closed","sticky":false,"template":"","format":"standard","meta":{"footnotes":""},"categories":[19],"tags":[],"class_list":["post-41209","post","type-post","status-publish","format-standard","hentry","category-politica"],"_links":{"self":[{"href":"https:\/\/www.corumbaonline.com.br\/news\/wp-json\/wp\/v2\/posts\/41209","targetHints":{"allow":["GET"]}}],"collection":[{"href":"https:\/\/www.corumbaonline.com.br\/news\/wp-json\/wp\/v2\/posts"}],"about":[{"href":"https:\/\/www.corumbaonline.com.br\/news\/wp-json\/wp\/v2\/types\/post"}],"author":[{"embeddable":true,"href":"https:\/\/www.corumbaonline.com.br\/news\/wp-json\/wp\/v2\/users\/1"}],"replies":[{"embeddable":true,"href":"https:\/\/www.corumbaonline.com.br\/news\/wp-json\/wp\/v2\/comments?post=41209"}],"version-history":[{"count":1,"href":"https:\/\/www.corumbaonline.com.br\/news\/wp-json\/wp\/v2\/posts\/41209\/revisions"}],"predecessor-version":[{"id":41210,"href":"https:\/\/www.corumbaonline.com.br\/news\/wp-json\/wp\/v2\/posts\/41209\/revisions\/41210"}],"wp:attachment":[{"href":"https:\/\/www.corumbaonline.com.br\/news\/wp-json\/wp\/v2\/media?parent=41209"}],"wp:term":[{"taxonomy":"category","embeddable":true,"href":"https:\/\/www.corumbaonline.com.br\/news\/wp-json\/wp\/v2\/categories?post=41209"},{"taxonomy":"post_tag","embeddable":true,"href":"https:\/\/www.corumbaonline.com.br\/news\/wp-json\/wp\/v2\/tags?post=41209"}],"curies":[{"name":"wp","href":"https:\/\/api.w.org\/{rel}","templated":true}]}}