{"id":41224,"date":"2020-05-12T11:03:00","date_gmt":"2020-05-12T15:03:00","guid":{"rendered":"http:\/\/www.corumbaonline.com.br\/news\/?p=41224"},"modified":"2020-05-12T11:15:35","modified_gmt":"2020-05-12T15:15:35","slug":"prefeitura-reordena-comite-municipal-de-prevencao-e-combate-a-incendios-florestais","status":"publish","type":"post","link":"https:\/\/www.corumbaonline.com.br\/news\/prefeitura-reordena-comite-municipal-de-prevencao-e-combate-a-incendios-florestais\/","title":{"rendered":"Prefeitura reordena Comit\u00ea Municipal de Preven\u00e7\u00e3o e Combate a Inc\u00eandios Florestais"},"content":{"rendered":"<p>Publicado na edi\u00e7\u00e3o dessa segunda-feira, 11 de maio, do DIOCORUMB\u00c1, o Decreto N\u00ba 2.305 reordena o Comit\u00ea Municipal de Preven\u00e7\u00e3o e Combate a Inc\u00eandios Florestais no Pantanal de Corumb\u00e1. Com a medida, o prefeito Marcelo Iunes busca dar mais agilidade, efic\u00e1cia e maior alcance nas a\u00e7\u00f5es integradas contra as queimadas no Pantanal.<span id=\"more-70559\"><\/span><\/p>\n<p>As principais atribui\u00e7\u00f5es do Comit\u00ea s\u00e3o: propor sobre a pol\u00edtica municipal de preven\u00e7\u00e3o e combate a inc\u00eandios florestais, sob seus m\u00faltiplos aspectos; promover o debate das quest\u00f5es relacionadas com os inc\u00eandios florestais e articular a atua\u00e7\u00e3o das entidades intervenientes; e acompanhar a execu\u00e7\u00e3o da pol\u00edtica municipal de preven\u00e7\u00e3o e combate a inc\u00eandios florestais e sugerir as provid\u00eancias necess\u00e1rias ao desenvolvimento e implementa\u00e7\u00e3o de programas, projetos de pesquisa e de apoio financeiro para as entidades intervenientes;<\/p>\n<p>O grupo deve tamb\u00e9m sugerir sobre a cria\u00e7\u00e3o e revis\u00e3o de normas e programas relativos \u00e0 preven\u00e7\u00e3o e combate de inc\u00eandios florestais; propor a implementa\u00e7\u00e3o de diretrizes unificadas de Educa\u00e7\u00e3o Ambiental; e articular a implementa\u00e7\u00e3o de estrat\u00e9gias de a\u00e7\u00f5es integradas para atuar efetivamente no controle de queimadas, monitoramento, preven\u00e7\u00e3o e combate aos inc\u00eandios florestais no Pantanal e alternativas ao uso do fogo;<\/p>\n<p>O Comit\u00ea Municipal de Preven\u00e7\u00e3o e Combate a Inc\u00eandios Florestais de Corumb\u00e1 ser\u00e1 paritariamente composto por 11 representantes, sendo 03 vagas reservadas \u00e0 \u00f3rg\u00e3os do Poder Executivo municipal e o restante destinado \u00e0 outros \u00f3rg\u00e3os e entidades que tenham dentre seus objetivos a prote\u00e7\u00e3o ao meio ambiente, que atuar\u00e3o como \u00f3rg\u00e3os executores (com voto e voz).<\/p>\n","protected":false},"excerpt":{"rendered":"<p>Publicado na edi\u00e7\u00e3o dessa segunda-feira, 11 de maio, do DIOCORUMB\u00c1, o Decreto N\u00ba 2.305 reordena&#8230;<\/p>\n","protected":false},"author":1,"featured_media":41225,"comment_status":"closed","ping_status":"closed","sticky":false,"template":"","format":"standard","meta":{"footnotes":""},"categories":[17],"tags":[],"class_list":["post-41224","post","type-post","status-publish","format-standard","has-post-thumbnail","hentry","category-meio-ambiente"],"_links":{"self":[{"href":"https:\/\/www.corumbaonline.com.br\/news\/wp-json\/wp\/v2\/posts\/41224","targetHints":{"allow":["GET"]}}],"collection":[{"href":"https:\/\/www.corumbaonline.com.br\/news\/wp-json\/wp\/v2\/posts"}],"about":[{"href":"https:\/\/www.corumbaonline.com.br\/news\/wp-json\/wp\/v2\/types\/post"}],"author":[{"embeddable":true,"href":"https:\/\/www.corumbaonline.com.br\/news\/wp-json\/wp\/v2\/users\/1"}],"replies":[{"embeddable":true,"href":"https:\/\/www.corumbaonline.com.br\/news\/wp-json\/wp\/v2\/comments?post=41224"}],"version-history":[{"count":1,"href":"https:\/\/www.corumbaonline.com.br\/news\/wp-json\/wp\/v2\/posts\/41224\/revisions"}],"predecessor-version":[{"id":41226,"href":"https:\/\/www.corumbaonline.com.br\/news\/wp-json\/wp\/v2\/posts\/41224\/revisions\/41226"}],"wp:featuredmedia":[{"embeddable":true,"href":"https:\/\/www.corumbaonline.com.br\/news\/wp-json\/wp\/v2\/media\/41225"}],"wp:attachment":[{"href":"https:\/\/www.corumbaonline.com.br\/news\/wp-json\/wp\/v2\/media?parent=41224"}],"wp:term":[{"taxonomy":"category","embeddable":true,"href":"https:\/\/www.corumbaonline.com.br\/news\/wp-json\/wp\/v2\/categories?post=41224"},{"taxonomy":"post_tag","embeddable":true,"href":"https:\/\/www.corumbaonline.com.br\/news\/wp-json\/wp\/v2\/tags?post=41224"}],"curies":[{"name":"wp","href":"https:\/\/api.w.org\/{rel}","templated":true}]}}