{"id":41327,"date":"2020-05-16T08:39:00","date_gmt":"2020-05-16T12:39:00","guid":{"rendered":"http:\/\/www.corumbaonline.com.br\/news\/?p=41327"},"modified":"2020-05-16T09:17:08","modified_gmt":"2020-05-16T13:17:08","slug":"bolsonaro-reconduz-carlos-marun-ao-conselho-de-itaipu","status":"publish","type":"post","link":"https:\/\/www.corumbaonline.com.br\/news\/bolsonaro-reconduz-carlos-marun-ao-conselho-de-itaipu\/","title":{"rendered":"Bolsonaro reconduz Carlos Marun ao conselho de Itaipu"},"content":{"rendered":"<p>O presidente Jair Bolsonaro nomeou o ministro de Minas e Energia, Bento Albuquerque, para o conselho de Itaipu Binacional, hidrel\u00e9trica que fica na fronteira com Foz do Igua\u00e7u, no oeste do Paran\u00e1, e Cidade del Leste, no Paraguai Itaipu. Tamb\u00e9m foram reconduzidos aos cargos de conselheiros, entre outros, Carlos Marun, ex-ministro de Michel Temer, e o ex-deputado e delatado da Odebrecht Jos\u00e9 Carlos Aleluia (DEM-BA).<\/p>\n<div class=\"mc-column content-text active-extra-styles \" data-block-type=\"unstyled\" data-block-weight=\"27\" data-block-id=\"4\">\n<p class=\"content-text__container \" data-track-category=\"Link no Texto\" data-track-links=\"\">As nomea\u00e7\u00f5es foram publicadas em edi\u00e7\u00e3o extra desta sexta-feira (15) do \u201cDi\u00e1rio Oficial da Uni\u00e3o\u201d e assinadas por Bolsonaro e o pr\u00f3prio ministro de Minas e Energia.<\/p>\n<\/div>\n<div class=\"mc-column content-text active-extra-styles \" data-block-type=\"unstyled\" data-block-weight=\"11\" data-block-id=\"5\">\n<p class=\"content-text__container \" data-track-category=\"Link no Texto\" data-track-links=\"\">O ministro Bento Albuquerque foi conduzido pela primeira vez ao conselho.<\/p>\n<div class=\"mc-column content-text active-extra-styles \" data-block-type=\"unstyled\" data-block-weight=\"20\" data-block-id=\"7\">\n<p class=\"content-text__container \" data-track-category=\"Link no Texto\" data-track-links=\"\">Al\u00e9m de Marun e Aleluia, tamb\u00e9m foram reconduzidos aos cargos de conselheiros C\u00e9lio Faria J\u00fanior e Wilson Pinto Ferreira Junior.<\/p>\n<\/div>\n<div class=\"mc-column content-text active-extra-styles \" data-block-type=\"unstyled\" data-block-weight=\"7\" data-block-id=\"8\">\n<p class=\"content-text__container \" data-track-category=\"Link no Texto\" data-track-links=\"\">As nomea\u00e7\u00f5es valem at\u00e9 maio de 2024.<\/p>\n<\/div>\n<div class=\"mc-column content-text active-extra-styles \" data-block-type=\"unstyled\" data-block-weight=\"37\" data-block-id=\"9\">\n<p class=\"content-text__container \" data-track-category=\"Link no Texto\" data-track-links=\"\">As nomea\u00e7\u00f5es podem estar ligadas aos partidos do chamado Centr\u00e3o, um bloco informal na C\u00e2mara dos Deputados que re\u00fane parlamentares de legendas de centro e centro-direita. Nas \u00faltimas semanas, Bolsonaro tem articulado uma aproxima\u00e7\u00e3o com o grupo.<\/p>\n<\/div>\n<div class=\"mc-column content-text active-extra-styles \" data-block-type=\"unstyled\" data-block-weight=\"43\" data-block-id=\"10\">\n<p class=\"content-text__container \" data-track-category=\"Link no Texto\" data-track-links=\"\">O Centr\u00e3o \u00e9 menos conhecido por suas bandeiras e mais pela caracter\u00edstica de se aliar a governos diferentes, independentemente da ideologia. Os votos desse bloco podem corresponder at\u00e9 \u00e0 metade dos 513 parlamentares e serem decisivos na aprova\u00e7\u00e3o ou rejei\u00e7\u00e3o de uma mat\u00e9ria.<\/p>\n<\/div>\n<div class=\"mc-column content-text active-extra-styles \" data-block-type=\"unstyled\" data-block-weight=\"29\" data-block-id=\"11\">\n<p class=\"content-text__container \" data-track-category=\"Link no Texto\" data-track-links=\"\">Assim como em outras gest\u00f5es, as negocia\u00e7\u00f5es de Bolsonaro com o Centr\u00e3o envolvem a distribui\u00e7\u00e3o de cargos aos partidos, que ter\u00e3o o direito de indicar aliados para as vagas.<\/p>\n<\/div>\n<div class=\"mc-column content-text active-extra-styles\" data-block-type=\"raw\" data-block-weight=\"2\" data-block-id=\"12\">\n<div class=\"content-intertitle\">\n<h2><strong>Carlos Marun<\/strong><\/h2>\n<\/div>\n<\/div>\n<div class=\"mc-column content-text active-extra-styles \" data-block-type=\"unstyled\" data-block-weight=\"29\" data-block-id=\"13\">\n<p class=\"content-text__container \" data-track-category=\"Link no Texto\" data-track-links=\"\">Carlos Marun foi ministro-chefe da Secretaria de Governo do ex-presidente Michel Temer. Ele<a href=\"https:\/\/g1.globo.com\/politica\/noticia\/2018\/12\/31\/temer-nomeia-marun-para-o-conselho-de-itaipu-binacional.ghtml\">\u00a0foi indicado ao cargo de conselheiro em Itaupu por Temer<\/a>, mas\u00a0<a href=\"https:\/\/g1.globo.com\/rs\/rio-grande-do-sul\/noticia\/2019\/03\/26\/liminar-determina-afastamento-de-carlos-marun-do-conselho-de-itaipu-binacional.ghtml\">afastado em mar\u00e7o de 2019<\/a>.<\/p>\n<\/div>\n<div class=\"mc-column content-text active-extra-styles \" data-block-type=\"unstyled\" data-block-weight=\"63\" data-block-id=\"14\">\n<p class=\"content-text__container \" data-track-category=\"Link no Texto\" data-track-links=\"\">\u00c0 \u00e9poca, Marun teve a nomea\u00e7\u00e3o questionada por uma a\u00e7\u00e3o popular e pelo Minist\u00e9rio P\u00fablico Federal junto \u00e0 6\u00aa Vara Federal de Curitiba. Em primeira inst\u00e2ncia, o pedido foi negado. Na apela\u00e7\u00e3o \u00e0 segunda inst\u00e2ncia, o relator do processo, desembargador federal Rog\u00e9rio Favreto, suspendeu o ato de nomea\u00e7\u00e3o em liminar. No julgamento de m\u00e9rito pela 3\u00aa Turma do TRF-4, a decis\u00e3o foi revertida.<\/p>\n<\/div>\n<div class=\"mc-column content-text active-extra-styles \" data-block-type=\"unstyled\" data-block-weight=\"18\" data-block-id=\"15\">\n<p class=\"content-text__container \" data-track-category=\"Link no Texto\" data-track-links=\"\">Marun foi o\u00a0<a href=\"http:\/\/g1.globo.com\/globo-news\/jornal-globo-news\/videos\/v\/deputado-carlos-marun-canta-e-danca-na-camara-apos-arquivamento-de-denuncia\/6245364\/\">deputado que dan\u00e7ou<\/a>\u00a0ap\u00f3s a C\u00e2mara dos Deputados impedir o prosseguimento de den\u00fancias contra Temer.<\/p>\n<\/div>\n<div class=\"mc-column content-text active-extra-styles\" data-block-type=\"raw\" data-block-weight=\"3\" data-block-id=\"16\">\n<div class=\"content-intertitle\">\n<h2><strong>Jos\u00e9 Carlos Aleluia<\/strong><\/h2>\n<\/div>\n<\/div>\n<div class=\"row medium-uncollapsed content-media content-photo\" data-block-type=\"backstage-photo\" data-block-id=\"17\">\n<div class=\"mc-column content-media__container\">\n<figure>\n<p><figure style=\"width: 647px\" class=\"wp-caption alignnone\"><img loading=\"lazy\" decoding=\"async\" class=\"i-amphtml-fill-content i-amphtml-replaced-content\" src=\"https:\/\/s2.glbimg.com\/bYAWLR0rJG_DMDLQzqp951SBOac=\/0x0:1000x655\/984x0\/smart\/filters:strip_icc()\/i.s3.glbimg.com\/v1\/AUTH_59edd422c0c84a879bd37670ae4f538a\/internal_photos\/bs\/2018\/4\/D\/aUlYwfRZuaFArAXbPWDA\/aleluia2.jpg\" sizes=\"auto, (max-width: 1366px) 648px, 100vw\" srcset=\"https:\/\/s2.glbimg.com\/h5Cf2rWxcvVKD99N4oLJKKFCoIY=\/0x0:1000x655\/1000x0\/smart\/filters:strip_icc()\/i.s3.glbimg.com\/v1\/AUTH_59edd422c0c84a879bd37670ae4f538a\/internal_photos\/bs\/2018\/4\/D\/aUlYwfRZuaFArAXbPWDA\/aleluia2.jpg 1000w, https:\/\/s2.glbimg.com\/bYAWLR0rJG_DMDLQzqp951SBOac=\/0x0:1000x655\/984x0\/smart\/filters:strip_icc()\/i.s3.glbimg.com\/v1\/AUTH_59edd422c0c84a879bd37670ae4f538a\/internal_photos\/bs\/2018\/4\/D\/aUlYwfRZuaFArAXbPWDA\/aleluia2.jpg 984w, https:\/\/s2.glbimg.com\/78UqhmZyWbLfqIZRJj4-Dhl68nY=\/0x0:1000x655\/640x0\/smart\/filters:strip_icc()\/i.s3.glbimg.com\/v1\/AUTH_59edd422c0c84a879bd37670ae4f538a\/internal_photos\/bs\/2018\/4\/D\/aUlYwfRZuaFArAXbPWDA\/aleluia2.jpg 640w, https:\/\/s2.glbimg.com\/kphn6ipRZNPjUlaQJL1DukjMwz8=\/0x0:1000x655\/600x0\/smart\/filters:strip_icc()\/i.s3.glbimg.com\/v1\/AUTH_59edd422c0c84a879bd37670ae4f538a\/internal_photos\/bs\/2018\/4\/D\/aUlYwfRZuaFArAXbPWDA\/aleluia2.jpg 600w\" alt=\"O ex-deputado Jos\u00e9 Carlos Aleluia (DEM-BA) \u2014 Foto: Michel Jesus \/ C\u00e2mara dos Deputados\" width=\"647\" height=\"424\" \/><figcaption class=\"wp-caption-text\">O ex-deputado Jos\u00e9 Carlos Aleluia (DEM-BA) (Foto: Michel Jesus \/ C\u00e2mara dos Deputados)<\/figcaption><\/figure><\/figure>\n<\/div>\n<\/div>\n<div class=\"mc-column content-text active-extra-styles \" data-block-type=\"unstyled\" data-block-weight=\"60\" data-block-id=\"19\">\n<p class=\"content-text__container \" data-track-category=\"Link no Texto\" data-track-links=\"\">Em 2017, o nome do deputado federal\u00a0<a href=\"https:\/\/g1.globo.com\/politica\/operacao-lava-jato\/noticia\/delacao-da-odebrecht-jose-carlos-aleluia-e-suspeito-de-corrupcao-passiva-e-passiva.ghtml\">Jos\u00e9 Carlos Aleluia surgiu na dele\u00e7\u00e3o da Odebrecht<\/a>. Ele era suspeito de receber R$ 300 mil, via caixa 2, nas elei\u00e7\u00f5es de 2010, al\u00e9m de doa\u00e7\u00e3o legal de R$ 280 mil nas elei\u00e7\u00f5es de 2014, segundo inqu\u00e9rito autorizado pelo ministro Edson Fachin, relator da Lava Jato \u00e0 \u00e9poca no Supremo Tribunal Federal (STF).<\/p>\n<\/div>\n<\/div>\n","protected":false},"excerpt":{"rendered":"<p>O presidente Jair Bolsonaro nomeou o ministro de Minas e Energia, Bento Albuquerque, para o&#8230;<\/p>\n","protected":false},"author":1,"featured_media":41328,"comment_status":"closed","ping_status":"closed","sticky":false,"template":"","format":"standard","meta":{"footnotes":""},"categories":[19],"tags":[],"class_list":["post-41327","post","type-post","status-publish","format-standard","has-post-thumbnail","hentry","category-politica"],"_links":{"self":[{"href":"https:\/\/www.corumbaonline.com.br\/news\/wp-json\/wp\/v2\/posts\/41327","targetHints":{"allow":["GET"]}}],"collection":[{"href":"https:\/\/www.corumbaonline.com.br\/news\/wp-json\/wp\/v2\/posts"}],"about":[{"href":"https:\/\/www.corumbaonline.com.br\/news\/wp-json\/wp\/v2\/types\/post"}],"author":[{"embeddable":true,"href":"https:\/\/www.corumbaonline.com.br\/news\/wp-json\/wp\/v2\/users\/1"}],"replies":[{"embeddable":true,"href":"https:\/\/www.corumbaonline.com.br\/news\/wp-json\/wp\/v2\/comments?post=41327"}],"version-history":[{"count":1,"href":"https:\/\/www.corumbaonline.com.br\/news\/wp-json\/wp\/v2\/posts\/41327\/revisions"}],"predecessor-version":[{"id":41329,"href":"https:\/\/www.corumbaonline.com.br\/news\/wp-json\/wp\/v2\/posts\/41327\/revisions\/41329"}],"wp:featuredmedia":[{"embeddable":true,"href":"https:\/\/www.corumbaonline.com.br\/news\/wp-json\/wp\/v2\/media\/41328"}],"wp:attachment":[{"href":"https:\/\/www.corumbaonline.com.br\/news\/wp-json\/wp\/v2\/media?parent=41327"}],"wp:term":[{"taxonomy":"category","embeddable":true,"href":"https:\/\/www.corumbaonline.com.br\/news\/wp-json\/wp\/v2\/categories?post=41327"},{"taxonomy":"post_tag","embeddable":true,"href":"https:\/\/www.corumbaonline.com.br\/news\/wp-json\/wp\/v2\/tags?post=41327"}],"curies":[{"name":"wp","href":"https:\/\/api.w.org\/{rel}","templated":true}]}}