{"id":41369,"date":"2020-05-18T08:57:00","date_gmt":"2020-05-18T12:57:00","guid":{"rendered":"http:\/\/www.corumbaonline.com.br\/news\/?p=41369"},"modified":"2020-05-18T09:47:20","modified_gmt":"2020-05-18T13:47:20","slug":"manifestante-bate-com-mastro-de-bandeira-em-jornalista","status":"publish","type":"post","link":"https:\/\/www.corumbaonline.com.br\/news\/manifestante-bate-com-mastro-de-bandeira-em-jornalista\/","title":{"rendered":"Manifestante bate com mastro de bandeira em jornalista"},"content":{"rendered":"<p>Uma apoiadora do presidente Jair Bolsonaro bateu com o mastro de uma bandeira do Brasil na cabe\u00e7a de uma jornalista da\u00a0<em>Band News TV\u00a0<\/em>que esperava para entrar ao vivo pela emissora durante manifesta\u00e7\u00e3o em apoio ao governo, na capital federal. O epis\u00f3dio ocorreu pouco antes da participa\u00e7\u00e3o de Bolsonaro no protesto.<\/p>\n<p>Depois da agress\u00e3o, a rep\u00f3rter Clarissa Oliveira relatou que o tom dos manifestantes foi &#8220;bastante agressivo&#8221; em rela\u00e7\u00e3o \u00e0 imprensa. A respons\u00e1vel pela agress\u00e3o, de acordo com ela, circulava com a bandeira do Brasil chamando profissionais da imprensa de &#8220;lixo&#8221;. Ap\u00f3s acertar com a bandeira na cabe\u00e7a da profissional, a mulher riu da situa\u00e7\u00e3o e pediu desculpas, ainda aos risos.<\/p>\n<p class=\"text\">Em nota, a dire\u00e7\u00e3o de Jornalismo da Band lamentou &#8220;mais essa prova de desrespeito ao trabalho da imprensa&#8221;. Segundo a emissora, foi feito o boletim de ocorr\u00eancia. A Band afirmou que exige &#8220;puni\u00e7\u00e3o exemplar a esse ato inaceit\u00e1vel de selvageria&#8221;. &#8220;A agress\u00e3o \u00e0 nossa rep\u00f3rter, Clarissa Oliveira, durante manifesta\u00e7\u00e3o em frente ao Pal\u00e1cio do Planalto, ofende a liberdade de imprensa e a todos os jornalistas&#8221;, diz a nota.<\/p>\n<p class=\"text\">&#8220;\u00c9 absolutamente inadmiss\u00edvel que uma rep\u00f3rter, exercendo sua profiss\u00e3o, seja covardemente agredida por manifestante radical, que jamais saber\u00e1 o real significado do direito de livre manifesta\u00e7\u00e3o e da imprensa livre, um dos sustent\u00e1culos da Democracia&#8221;, escreveu, no Twitter, o ministro do Supremo Tribunal Federal (STF), Alexandre de Moraes. Ele \u00e9 respons\u00e1vel por conduzir na Suprema Corte a investiga\u00e7\u00e3o sobre a organiza\u00e7\u00e3o de atos contra a democracia no Pa\u00eds.<\/p>\n<p class=\"text\">No in\u00edcio do m\u00eas, em outro ato que teve a participa\u00e7\u00e3o de Bolsonaro, profissionais do Estad\u00e3o tamb\u00e9m foram agredidos por manifestantes favor\u00e1veis ao governo. Na ocasi\u00e3o, o fot\u00f3grafo Dida Sampaio foi alvo de chutes, murros e empurr\u00f5es. Outros profissionais que trabalhavam no local tamb\u00e9m foram insultados verbalmente.<\/p>\n<h3>Manifesta\u00e7\u00e3o<\/h3>\n<p class=\"text\">Da rampa do Pal\u00e1cio do Planalto, Bolsonaro acompanhou a manifesta\u00e7\u00e3o, posou para fotos com 11 de seus 22 ministros, cantou o hino nacional e adotou um discurso ameno em uma transmiss\u00e3o ao vivo do ato. &#8220;Nenhuma faixa, nenhuma bandeira, que atente contra nossa Constitui\u00e7\u00e3o, contra o Estado de Direito&#8221;, disse o presidente durante a transmiss\u00e3o, em rela\u00e7\u00e3o aos manifestantes.<\/p>\n<p class=\"text\">O coment\u00e1rio marca uma diferen\u00e7a em rela\u00e7\u00e3o \u00e0 postura adotada em atos anteriores, como o do dia 19 de abril, quando Bolsonaro participou de manifesta\u00e7\u00e3o contra o Supremo Tribunal Federal (STF) e o Congresso, em frente ao Quartel General do Ex\u00e9rcito.<\/p>\n","protected":false},"excerpt":{"rendered":"<p>Uma apoiadora do presidente Jair Bolsonaro bateu com o mastro de uma bandeira do Brasil&#8230;<\/p>\n","protected":false},"author":1,"featured_media":0,"comment_status":"closed","ping_status":"closed","sticky":false,"template":"","format":"standard","meta":{"footnotes":""},"categories":[18],"tags":[],"class_list":["post-41369","post","type-post","status-publish","format-standard","hentry","category-seguranca"],"_links":{"self":[{"href":"https:\/\/www.corumbaonline.com.br\/news\/wp-json\/wp\/v2\/posts\/41369","targetHints":{"allow":["GET"]}}],"collection":[{"href":"https:\/\/www.corumbaonline.com.br\/news\/wp-json\/wp\/v2\/posts"}],"about":[{"href":"https:\/\/www.corumbaonline.com.br\/news\/wp-json\/wp\/v2\/types\/post"}],"author":[{"embeddable":true,"href":"https:\/\/www.corumbaonline.com.br\/news\/wp-json\/wp\/v2\/users\/1"}],"replies":[{"embeddable":true,"href":"https:\/\/www.corumbaonline.com.br\/news\/wp-json\/wp\/v2\/comments?post=41369"}],"version-history":[{"count":1,"href":"https:\/\/www.corumbaonline.com.br\/news\/wp-json\/wp\/v2\/posts\/41369\/revisions"}],"predecessor-version":[{"id":41370,"href":"https:\/\/www.corumbaonline.com.br\/news\/wp-json\/wp\/v2\/posts\/41369\/revisions\/41370"}],"wp:attachment":[{"href":"https:\/\/www.corumbaonline.com.br\/news\/wp-json\/wp\/v2\/media?parent=41369"}],"wp:term":[{"taxonomy":"category","embeddable":true,"href":"https:\/\/www.corumbaonline.com.br\/news\/wp-json\/wp\/v2\/categories?post=41369"},{"taxonomy":"post_tag","embeddable":true,"href":"https:\/\/www.corumbaonline.com.br\/news\/wp-json\/wp\/v2\/tags?post=41369"}],"curies":[{"name":"wp","href":"https:\/\/api.w.org\/{rel}","templated":true}]}}