{"id":41376,"date":"2020-05-18T09:39:00","date_gmt":"2020-05-18T13:39:00","guid":{"rendered":"http:\/\/www.corumbaonline.com.br\/news\/?p=41376"},"modified":"2020-05-18T10:19:38","modified_gmt":"2020-05-18T14:19:38","slug":"prefeitura-vai-auxiliar-habilitacao-de-beneficiarios-do-auxilio-emergencial-do-governo-federal","status":"publish","type":"post","link":"https:\/\/www.corumbaonline.com.br\/news\/prefeitura-vai-auxiliar-habilitacao-de-beneficiarios-do-auxilio-emergencial-do-governo-federal\/","title":{"rendered":"Prefeitura vai auxiliar habilita\u00e7\u00e3o de benefici\u00e1rios do aux\u00edlio emergencial do Governo Federal"},"content":{"rendered":"<p>A Prefeitura de Corumb\u00e1 vai auxiliar na habilita\u00e7\u00e3o dos benefici\u00e1rios que tem direito a receber o aux\u00edlio emergencial de R$ 600, pago pelo Governo Federal. O atendimento ser\u00e1 realizado no Gin\u00e1sio Poliesportivo Luc\u00edlio de Medeiros, onde funcion\u00e1rios do Munic\u00edpio tamb\u00e9m ir\u00e3o orientar os mun\u00edcipes sobre esse e outros benef\u00edcios.<span id=\"more-70797\"><\/span><\/p>\n<p>\u201cNosso objetivo \u00e9 facilitar o acesso da popula\u00e7\u00e3o a esse servi\u00e7o\u201d, explicou o prefeito Marcelo Iunes. \u201cVamos dar suporte \u00e0s pessoas para que n\u00e3o haja a mesma aglomera\u00e7\u00e3o que aconteceu durante o pagamento da primeira parcela\u201d, completou o prefeito.<\/p>\n<p>O atendimento no Poliesportivo, localizado na rua Porto Carrero, come\u00e7a nesta quarta-feira, dia 20, \u00e9 exclusivo para o pagamento da segunda parcela do aux\u00edlio emergencial, e \u00e9 destinado apenas para as pessoas que nasceram nos meses de janeiro e fevereiro.<\/p>\n<p>Quem nasceu em mar\u00e7o e abril, deve procurar o Pole no dia 21, quinta-feira; maio e junho no dia 22, sexta-feira; julho e agosto no dia 23, s\u00e1bado; setembro e outubro no dia 25 de maio, segunda; e novembro e dezembro no dia 26, ter\u00e7a-feira.<\/p>\n<p>\u201c\u00c9 importante destacar que o pagamento do benef\u00edcio n\u00e3o ser\u00e1 feito no Poliesportivo. L\u00e1 apenas vai ser realizada a habilita\u00e7\u00e3o do cidad\u00e3o\u201d, observou o secret\u00e1rio municipal de Governo, C\u00e1ssio Augusto da Costa Marques.<\/p>\n<p>O secret\u00e1rio de Governo lembrou ainda que os crit\u00e9rios para habilita\u00e7\u00e3o e o calend\u00e1rio de pagamento s\u00e3o de total responsabilidade do Governo Federal. \u201cEsse apoio estabelecido pelo prefeito Marcelo Iunes \u00e9 para evitar que a popula\u00e7\u00e3o aguarde horas nas filas, expostos ao sol e a chuva, e para seguran\u00e7a dos mesmos quanto \u00e0 exposi\u00e7\u00e3o \u00e0 aglomera\u00e7\u00e3o\u201d, concluiu.<\/p>\n<p>Bolsa Fam\u00edlia<\/p>\n<p>Para as pessoas que recebem o Programa Social Bolsa Fam\u00edlia, a segunda parcela do Aux\u00edlio Emergencial ser\u00e1 pago nesta segunda-feira, 18, para quem tem o NIS terminado em 1 e na ter\u00e7a-feira, dia 2, para quem tem o NIS terminado em 2. Essa sequencia segue at\u00e9 o dia 29 de maio, quando recebem os benefici\u00e1rios com NIS terminado em 0.<\/p>\n<p>O calend\u00e1rio da segunda parcela tamb\u00e9m vale apenas para quem recebeu a primeira parcela at\u00e9 30 de abril. O governo n\u00e3o informou quando vai pagar a segunda parcela para quem receber a primeira depois desta data.<\/p>\n<p>O aux\u00edlio emergencial, tamb\u00e9m conhecido como coronavoucher, \u00e9 um benef\u00edcio institu\u00eddo no Brasil pela Lei de n\u00ba 13.982\/2020 que prev\u00ea o repasse de 600 reais mensais a trabalhadores informais e de baixa renda, microempreendedores individuais e tamb\u00e9m contribuintes individuais do Instituto Nacional do Seguro Social (INSS). O objetivo do aux\u00edlio \u00e9 mitigar os impactos econ\u00f4micos que ser\u00e3o causados pela pandemia de COVID-19.<\/p>\n","protected":false},"excerpt":{"rendered":"<p>A Prefeitura de Corumb\u00e1 vai auxiliar na habilita\u00e7\u00e3o dos benefici\u00e1rios que tem direito a receber&#8230;<\/p>\n","protected":false},"author":1,"featured_media":41377,"comment_status":"closed","ping_status":"closed","sticky":false,"template":"","format":"standard","meta":{"footnotes":""},"categories":[9,21],"tags":[],"class_list":["post-41376","post","type-post","status-publish","format-standard","has-post-thumbnail","hentry","category-economia","category-saude"],"_links":{"self":[{"href":"https:\/\/www.corumbaonline.com.br\/news\/wp-json\/wp\/v2\/posts\/41376","targetHints":{"allow":["GET"]}}],"collection":[{"href":"https:\/\/www.corumbaonline.com.br\/news\/wp-json\/wp\/v2\/posts"}],"about":[{"href":"https:\/\/www.corumbaonline.com.br\/news\/wp-json\/wp\/v2\/types\/post"}],"author":[{"embeddable":true,"href":"https:\/\/www.corumbaonline.com.br\/news\/wp-json\/wp\/v2\/users\/1"}],"replies":[{"embeddable":true,"href":"https:\/\/www.corumbaonline.com.br\/news\/wp-json\/wp\/v2\/comments?post=41376"}],"version-history":[{"count":1,"href":"https:\/\/www.corumbaonline.com.br\/news\/wp-json\/wp\/v2\/posts\/41376\/revisions"}],"predecessor-version":[{"id":41378,"href":"https:\/\/www.corumbaonline.com.br\/news\/wp-json\/wp\/v2\/posts\/41376\/revisions\/41378"}],"wp:featuredmedia":[{"embeddable":true,"href":"https:\/\/www.corumbaonline.com.br\/news\/wp-json\/wp\/v2\/media\/41377"}],"wp:attachment":[{"href":"https:\/\/www.corumbaonline.com.br\/news\/wp-json\/wp\/v2\/media?parent=41376"}],"wp:term":[{"taxonomy":"category","embeddable":true,"href":"https:\/\/www.corumbaonline.com.br\/news\/wp-json\/wp\/v2\/categories?post=41376"},{"taxonomy":"post_tag","embeddable":true,"href":"https:\/\/www.corumbaonline.com.br\/news\/wp-json\/wp\/v2\/tags?post=41376"}],"curies":[{"name":"wp","href":"https:\/\/api.w.org\/{rel}","templated":true}]}}