{"id":41381,"date":"2020-05-18T10:00:00","date_gmt":"2020-05-18T14:00:00","guid":{"rendered":"http:\/\/www.corumbaonline.com.br\/news\/?p=41381"},"modified":"2020-05-18T10:58:03","modified_gmt":"2020-05-18T14:58:03","slug":"governo-concede-registro-para-cubanos-reintegrarem-o-mais-medicos","status":"publish","type":"post","link":"https:\/\/www.corumbaonline.com.br\/news\/governo-concede-registro-para-cubanos-reintegrarem-o-mais-medicos\/","title":{"rendered":"Governo concede registro para cubanos reintegrarem o Mais M\u00e9dicos"},"content":{"rendered":"<p>O Minist\u00e9rio da Sa\u00fade publicou no<em>\u00a0Di\u00e1rio Oficial da Uni\u00e3o<\/em>\u00a0de hoje (18) a lista de m\u00e9dicos cubanos que ser\u00e3o reincorporados ao Projeto\u00a0Mais M\u00e9dicos para o Brasil.<\/p>\n<p>De acordo com a Portaria n\u00ba 31, por meio da Secretaria de Aten\u00e7\u00e3o Prim\u00e1ria \u00e0 Sa\u00fade ser\u00e1 concedido registro \u00fanico para o exerc\u00edcio da medicina, no \u00e2mbito do projeto, aos m\u00e9dicos cubanos \u201creincorporados em 1\u00aa chamada do Edital n\u00ba 9 de 26 de mar\u00e7o de 2020\u201d.<\/p>\n<p>Para acessar a portaria com a lista dos m\u00e9dicos cubanos, bem como a localidade e a data em que as atividades ser\u00e3o iniciadas,\u00a0<a href=\"http:\/\/www.in.gov.br\/en\/web\/dou\/-\/portaria-n-31-de-15-de-maio-de-2020-257198348\" target=\"_blank\" rel=\"noopener noreferrer\">clique aqui<\/a>.<\/p>\n<p>Em mar\u00e7o, o Minist\u00e9rio da Sa\u00fade informou que 7.167 m\u00e9dicos j\u00e1 haviam se inscrito no edital do Mais M\u00e9dicos para o Brasil\u00a0aberto para refor\u00e7ar as equipes de sa\u00fade em fun\u00e7\u00e3o da epidemia do\u00a0<a href=\"https:\/\/agenciabrasil.ebc.com.br\/saude\/noticia\/2020-03\/acompanhe-ao-vivo-brasil-tem-621-casos-confirmados-de-covid19-seis-mortes\" target=\"_blank\" rel=\"noopener noreferrer\">novo coronav\u00edrus<\/a>\u00a0(covid-19). A previs\u00e3o anunciada foi de que at\u00e9 cinco chamadas seriam feitas, sendo que m\u00e9dicos cubanos poder\u00e3o ser convocados ap\u00f3s a 3\u00aa chamada.<\/p>\n<p>A pasta havia estimado um total de R$ 1,4 bilh\u00e3o em investimentos, e que esses profissionais poder\u00e3o atuar em mais de uma unidade de sa\u00fade, o que dever\u00e1 ser organizado pelas respectivas secretarias de sa\u00fade.<\/p>\n","protected":false},"excerpt":{"rendered":"<p>O Minist\u00e9rio da Sa\u00fade publicou no\u00a0Di\u00e1rio Oficial da Uni\u00e3o\u00a0de hoje (18) a lista de m\u00e9dicos&#8230;<\/p>\n","protected":false},"author":1,"featured_media":0,"comment_status":"closed","ping_status":"closed","sticky":false,"template":"","format":"standard","meta":{"footnotes":""},"categories":[19,21],"tags":[],"class_list":["post-41381","post","type-post","status-publish","format-standard","hentry","category-politica","category-saude"],"_links":{"self":[{"href":"https:\/\/www.corumbaonline.com.br\/news\/wp-json\/wp\/v2\/posts\/41381","targetHints":{"allow":["GET"]}}],"collection":[{"href":"https:\/\/www.corumbaonline.com.br\/news\/wp-json\/wp\/v2\/posts"}],"about":[{"href":"https:\/\/www.corumbaonline.com.br\/news\/wp-json\/wp\/v2\/types\/post"}],"author":[{"embeddable":true,"href":"https:\/\/www.corumbaonline.com.br\/news\/wp-json\/wp\/v2\/users\/1"}],"replies":[{"embeddable":true,"href":"https:\/\/www.corumbaonline.com.br\/news\/wp-json\/wp\/v2\/comments?post=41381"}],"version-history":[{"count":1,"href":"https:\/\/www.corumbaonline.com.br\/news\/wp-json\/wp\/v2\/posts\/41381\/revisions"}],"predecessor-version":[{"id":41382,"href":"https:\/\/www.corumbaonline.com.br\/news\/wp-json\/wp\/v2\/posts\/41381\/revisions\/41382"}],"wp:attachment":[{"href":"https:\/\/www.corumbaonline.com.br\/news\/wp-json\/wp\/v2\/media?parent=41381"}],"wp:term":[{"taxonomy":"category","embeddable":true,"href":"https:\/\/www.corumbaonline.com.br\/news\/wp-json\/wp\/v2\/categories?post=41381"},{"taxonomy":"post_tag","embeddable":true,"href":"https:\/\/www.corumbaonline.com.br\/news\/wp-json\/wp\/v2\/tags?post=41381"}],"curies":[{"name":"wp","href":"https:\/\/api.w.org\/{rel}","templated":true}]}}