{"id":41397,"date":"2020-05-18T11:30:00","date_gmt":"2020-05-18T15:30:00","guid":{"rendered":"http:\/\/www.corumbaonline.com.br\/news\/?p=41397"},"modified":"2020-05-18T11:42:40","modified_gmt":"2020-05-18T15:42:40","slug":"ms-segue-com-aumento-expressivo-de-infeccoes-por-coronavirus-avisa-especialista","status":"publish","type":"post","link":"https:\/\/www.corumbaonline.com.br\/news\/ms-segue-com-aumento-expressivo-de-infeccoes-por-coronavirus-avisa-especialista\/","title":{"rendered":"MS segue com aumento expressivo de infec\u00e7\u00f5es por coronav\u00edrus, avisa especialista"},"content":{"rendered":"<p>Os casos de infec\u00e7\u00f5es por coronav\u00edrus (Covid-19) tem aumentado consideravelmente em Mato Grosso do Sul. De ontem para hoje, o crescimento da curva foi 7,5% \u2013 saltando de 570 para 613 o n\u00famero de pessoas que testaram positivo para a doen\u00e7a.<\/p>\n<p>A preocupa\u00e7\u00e3o com o aumento do n\u00famero de casos est\u00e1 relacionada a capacidade do sistema de sa\u00fade em atender as pessoas, j\u00e1 que as estruturas podem entrar em colapso devido ao tratamento simult\u00e2neo de pacientes \u2013 situa\u00e7\u00e3o que j\u00e1 \u00e9 observada em outros estados do Brasil.<\/p>\n<p>Em live nas redes sociais do Governo do Estado nesta segunda-feira (18\/5), o secret\u00e1rio de Sa\u00fade de MS, Geraldo Resende, pontuou que as aglomera\u00e7\u00f5es registradas nos \u00faltimos dias s\u00e3o ben\u00e9ficas para a prolifera\u00e7\u00e3o do novo v\u00edrus e que as pessoas devem evitar o conv\u00edvio social.<\/p>\n<p>Dos 613 casos confirmados de Covid-19 em Mato Grosso do Sul at\u00e9 hoje, 181 foram registrados em Campo Grande, 105 em Guia Lopes da Laguna, 93 em Tr\u00eas Lagoas, 64 em Dourados, 20 em Jardim e 15 em Bonito. Ao todo, 16 pessoas perderam a vida no Estado por causa da nova doen\u00e7a.<\/p>\n<p>A live de hoje nas redes sociais com informa\u00e7\u00f5es do coronav\u00edrus em Mato Grosso do Sul pode ser conferida no Facebook do Governo do Estado:\u00a0<a href=\"https:\/\/www.facebook.com\/GovernodeMatoGrossodoSul\"><strong>facebook.com\/GovernodeMatoGrossodoSul<\/strong><\/a>.<\/p>\n<p><strong>Live<\/strong><\/p>\n<p>Diante da pandemia do novo coronav\u00edrus e da frequente necessidade de utilizar a informa\u00e7\u00e3o como ferramenta de sa\u00fade, o Governo do Estado adotou o formato de entrevistas coletivas online transmitidas pelas redes sociais para informar jornalistas e sociedade sobre a situa\u00e7\u00e3o da doen\u00e7a no Estado, evitando assim a propaga\u00e7\u00e3o de\u00a0<em>fake news<\/em>.<\/p>\n","protected":false},"excerpt":{"rendered":"<p>Os casos de infec\u00e7\u00f5es por coronav\u00edrus (Covid-19) tem aumentado consideravelmente em Mato Grosso do Sul&#8230;.<\/p>\n","protected":false},"author":1,"featured_media":0,"comment_status":"closed","ping_status":"closed","sticky":false,"template":"","format":"standard","meta":{"footnotes":""},"categories":[21],"tags":[],"class_list":["post-41397","post","type-post","status-publish","format-standard","hentry","category-saude"],"_links":{"self":[{"href":"https:\/\/www.corumbaonline.com.br\/news\/wp-json\/wp\/v2\/posts\/41397","targetHints":{"allow":["GET"]}}],"collection":[{"href":"https:\/\/www.corumbaonline.com.br\/news\/wp-json\/wp\/v2\/posts"}],"about":[{"href":"https:\/\/www.corumbaonline.com.br\/news\/wp-json\/wp\/v2\/types\/post"}],"author":[{"embeddable":true,"href":"https:\/\/www.corumbaonline.com.br\/news\/wp-json\/wp\/v2\/users\/1"}],"replies":[{"embeddable":true,"href":"https:\/\/www.corumbaonline.com.br\/news\/wp-json\/wp\/v2\/comments?post=41397"}],"version-history":[{"count":1,"href":"https:\/\/www.corumbaonline.com.br\/news\/wp-json\/wp\/v2\/posts\/41397\/revisions"}],"predecessor-version":[{"id":41398,"href":"https:\/\/www.corumbaonline.com.br\/news\/wp-json\/wp\/v2\/posts\/41397\/revisions\/41398"}],"wp:attachment":[{"href":"https:\/\/www.corumbaonline.com.br\/news\/wp-json\/wp\/v2\/media?parent=41397"}],"wp:term":[{"taxonomy":"category","embeddable":true,"href":"https:\/\/www.corumbaonline.com.br\/news\/wp-json\/wp\/v2\/categories?post=41397"},{"taxonomy":"post_tag","embeddable":true,"href":"https:\/\/www.corumbaonline.com.br\/news\/wp-json\/wp\/v2\/tags?post=41397"}],"curies":[{"name":"wp","href":"https:\/\/api.w.org\/{rel}","templated":true}]}}