{"id":41404,"date":"2020-05-18T14:30:00","date_gmt":"2020-05-18T18:30:00","guid":{"rendered":"http:\/\/www.corumbaonline.com.br\/news\/?p=41404"},"modified":"2020-05-18T17:08:39","modified_gmt":"2020-05-18T21:08:39","slug":"corumba-confirma-mais-um-caso-de-covid-19-e-recebe-um-paciente-internado-positivo-do-para","status":"publish","type":"post","link":"https:\/\/www.corumbaonline.com.br\/news\/corumba-confirma-mais-um-caso-de-covid-19-e-recebe-um-paciente-internado-positivo-do-para\/","title":{"rendered":"Corumb\u00e1 confirma mais um caso de Covid-19, e recebe um paciente internado positivo do Par\u00e1"},"content":{"rendered":"<p>A Secretaria de Sa\u00fade de Corumb\u00e1 por interm\u00e9dio da Vigil\u00e2ncia Epidemiol\u00f3gica concluiu o v\u00ednculo do casal, que testou positivo para o Covid-19, no \u00faltimo final de semana. O casal foi contaminado devido a contato com o pai da mo\u00e7a,\u00a0 que \u00e9 caminhoneiro e esteve em viagem em locais de transmiss\u00e3o comunit\u00e1ria. O homem, de 53 anos, realizou teste r\u00e1pido no domingo dia 17 de maio, possivelmente foi contaminado em S\u00e3o Paulo, encontra-se assintom\u00e1tico e em isolamento domiciliar.<\/p>\n<p>Tamb\u00e9m no domingo, dia 17, a Santa Casa de Corumb\u00e1 recebeu um homem, de 42 anos, que estava no Par\u00e1 a trabalho, e estava internado desde o dia 14 de maio, o paciente veio transferido de UTI a\u00e9rea, paga pela empresa em que trabalha. No momento est\u00e1 no CTI, recebendo todo o tratamento indicado para o seu caso, seu quadro de sa\u00fade est\u00e1vel. Apesar de o paciente ser corumbaense, n\u00e3o ser\u00e1 contabilizado no Boletim Epidemiol\u00f3gico do munic\u00edpio por ter sido contaminado em Bel\u00e9m e j\u00e1 constar no Boletim da referida cidade.<\/p>\n<p>At\u00e9 o dia 18 de maio, Corumb\u00e1 j\u00e1 notificou 149 casos, sendo 9 confirmados e 137 descartados, e 3 aguardam resultado.<\/p>\n<p>Reiteramos a import\u00e2ncia da popula\u00e7\u00e3o no cumprimento das medidas publicadas nos decretos municipais, tomando todos os cuidados de higiene necess\u00e1rios, n\u00e3o realizar aglomera\u00e7\u00e3o, utilizar sempre m\u00e1scara, e a observ\u00e2ncia ao toque de recolher.<\/p>\n<p>Acompanhe o Boletim Epidemiol\u00f3gico do Munic\u00edpio no site da Prefeitura de Corumb\u00e1.<\/p>\n","protected":false},"excerpt":{"rendered":"<p>A Secretaria de Sa\u00fade de Corumb\u00e1 por interm\u00e9dio da Vigil\u00e2ncia Epidemiol\u00f3gica concluiu o v\u00ednculo do&#8230;<\/p>\n","protected":false},"author":1,"featured_media":40322,"comment_status":"closed","ping_status":"closed","sticky":false,"template":"","format":"standard","meta":{"footnotes":""},"categories":[8,21],"tags":[],"class_list":["post-41404","post","type-post","status-publish","format-standard","has-post-thumbnail","hentry","category-destaque","category-saude"],"_links":{"self":[{"href":"https:\/\/www.corumbaonline.com.br\/news\/wp-json\/wp\/v2\/posts\/41404","targetHints":{"allow":["GET"]}}],"collection":[{"href":"https:\/\/www.corumbaonline.com.br\/news\/wp-json\/wp\/v2\/posts"}],"about":[{"href":"https:\/\/www.corumbaonline.com.br\/news\/wp-json\/wp\/v2\/types\/post"}],"author":[{"embeddable":true,"href":"https:\/\/www.corumbaonline.com.br\/news\/wp-json\/wp\/v2\/users\/1"}],"replies":[{"embeddable":true,"href":"https:\/\/www.corumbaonline.com.br\/news\/wp-json\/wp\/v2\/comments?post=41404"}],"version-history":[{"count":1,"href":"https:\/\/www.corumbaonline.com.br\/news\/wp-json\/wp\/v2\/posts\/41404\/revisions"}],"predecessor-version":[{"id":41405,"href":"https:\/\/www.corumbaonline.com.br\/news\/wp-json\/wp\/v2\/posts\/41404\/revisions\/41405"}],"wp:featuredmedia":[{"embeddable":true,"href":"https:\/\/www.corumbaonline.com.br\/news\/wp-json\/wp\/v2\/media\/40322"}],"wp:attachment":[{"href":"https:\/\/www.corumbaonline.com.br\/news\/wp-json\/wp\/v2\/media?parent=41404"}],"wp:term":[{"taxonomy":"category","embeddable":true,"href":"https:\/\/www.corumbaonline.com.br\/news\/wp-json\/wp\/v2\/categories?post=41404"},{"taxonomy":"post_tag","embeddable":true,"href":"https:\/\/www.corumbaonline.com.br\/news\/wp-json\/wp\/v2\/tags?post=41404"}],"curies":[{"name":"wp","href":"https:\/\/api.w.org\/{rel}","templated":true}]}}