{"id":41411,"date":"2020-05-19T08:19:00","date_gmt":"2020-05-19T12:19:00","guid":{"rendered":"http:\/\/www.corumbaonline.com.br\/news\/?p=41411"},"modified":"2020-05-19T09:07:14","modified_gmt":"2020-05-19T13:07:14","slug":"ministerio-da-saude-habilita-novos-leitos-de-uti-na-santa-casa-de-corumba","status":"publish","type":"post","link":"https:\/\/www.corumbaonline.com.br\/news\/ministerio-da-saude-habilita-novos-leitos-de-uti-na-santa-casa-de-corumba\/","title":{"rendered":"Minist\u00e9rio da Sa\u00fade habilita novos leitos de UTI na Santa Casa de Corumb\u00e1"},"content":{"rendered":"<p>O Minist\u00e9rio da Sa\u00fade habilitou os 10 novos leitos de UTI (Unidade de Terapia Intensiva) para a Santa Casa de Corumb\u00e1. A Portaria N.\u00ba 1.211 foi assinada pelo ministro Nelson Teich e publicada no Di\u00e1rio Oficial da Uni\u00e3o no \u00faltimo dia 12. Na mesma portaria, o SUS estabelece o repasse de R$ 1.440.000,00 (um milh\u00e3o, quatrocentos e quarenta mil reais) para combate ao novo Coronav\u00edrus na cidade.<\/p>\n<p>Os leitos de UTI habilitados pelo Minist\u00e9rio s\u00e3o do tipo II \u2013 Adulto, que conta com uma equipe multiprofissional composta por um m\u00e9dico respons\u00e1vel t\u00e9cnico, um m\u00e9dico rotineiro, um m\u00e9dico plantonista, um enfermeiro coordenador, um enfermeiro rotineiro, um enfermeiro plantonista, um fisioterapeuta respons\u00e1vel t\u00e9cnico, um fisioterapeuta plantonista, fonoaudi\u00f3logo, psic\u00f3logo, t\u00e9cnicos de enfermagem (no m\u00ednimo 1 para cada 2 leitos em cada turno), auxiliares administrativos e funcion\u00e1rios exclusivos para servi\u00e7o de limpeza.<\/p>\n<p><img loading=\"lazy\" decoding=\"async\" class=\"size-full wp-image-70821 alignleft lazyautosizes lazyloaded\" src=\"https:\/\/www.corumba.ms.gov.br\/wp-content\/uploads\/2020\/05\/DED6304A-7117-4CE0-BF08-F3FD4DF1AF2C.jpeg\" sizes=\"auto, 930px\" srcset=\"https:\/\/www.corumba.ms.gov.br\/wp-content\/uploads\/2020\/05\/DED6304A-7117-4CE0-BF08-F3FD4DF1AF2C.jpeg 1024w, https:\/\/www.corumba.ms.gov.br\/wp-content\/uploads\/2020\/05\/DED6304A-7117-4CE0-BF08-F3FD4DF1AF2C-300x200.jpeg 300w, https:\/\/www.corumba.ms.gov.br\/wp-content\/uploads\/2020\/05\/DED6304A-7117-4CE0-BF08-F3FD4DF1AF2C-150x100.jpeg 150w, https:\/\/www.corumba.ms.gov.br\/wp-content\/uploads\/2020\/05\/DED6304A-7117-4CE0-BF08-F3FD4DF1AF2C-768x512.jpeg 768w, https:\/\/www.corumba.ms.gov.br\/wp-content\/uploads\/2020\/05\/DED6304A-7117-4CE0-BF08-F3FD4DF1AF2C-370x247.jpeg 370w, https:\/\/www.corumba.ms.gov.br\/wp-content\/uploads\/2020\/05\/DED6304A-7117-4CE0-BF08-F3FD4DF1AF2C-760x507.jpeg 760w\" alt=\"\" width=\"1024\" height=\"683\" data-src=\"https:\/\/www.corumba.ms.gov.br\/wp-content\/uploads\/2020\/05\/DED6304A-7117-4CE0-BF08-F3FD4DF1AF2C.jpeg\" data-srcset=\"https:\/\/www.corumba.ms.gov.br\/wp-content\/uploads\/2020\/05\/DED6304A-7117-4CE0-BF08-F3FD4DF1AF2C.jpeg 1024w, https:\/\/www.corumba.ms.gov.br\/wp-content\/uploads\/2020\/05\/DED6304A-7117-4CE0-BF08-F3FD4DF1AF2C-300x200.jpeg 300w, https:\/\/www.corumba.ms.gov.br\/wp-content\/uploads\/2020\/05\/DED6304A-7117-4CE0-BF08-F3FD4DF1AF2C-150x100.jpeg 150w, https:\/\/www.corumba.ms.gov.br\/wp-content\/uploads\/2020\/05\/DED6304A-7117-4CE0-BF08-F3FD4DF1AF2C-768x512.jpeg 768w, https:\/\/www.corumba.ms.gov.br\/wp-content\/uploads\/2020\/05\/DED6304A-7117-4CE0-BF08-F3FD4DF1AF2C-370x247.jpeg 370w, https:\/\/www.corumba.ms.gov.br\/wp-content\/uploads\/2020\/05\/DED6304A-7117-4CE0-BF08-F3FD4DF1AF2C-760x507.jpeg 760w\" data-sizes=\"auto\" \/>\u201cEssa etapa de homologa\u00e7\u00e3o pelo Minist\u00e9rio da Sa\u00fade \u00e9 importante, pois significa que a Santa Casa vai receber recursos federais para manuten\u00e7\u00e3o desses novos leitos. Esperamos n\u00e3o precisar utiliza-los, mas estamos prontos caso seja necess\u00e1rio\u201d, afirmou o prefeito Marcelo Iunes, destacando tamb\u00e9m as outras a\u00e7\u00f5es realizadas pela Prefeitura, com apoio de diversos parceiros, para prevenir a popula\u00e7\u00e3o contra o Covid-19.<\/p>\n<p>\u201cJ\u00e1 publicamos diversos decretos visando a seguran\u00e7a da popula\u00e7\u00e3o. Temos que agradecer aos deputados estaduais, Evander Vendramini, Ant\u00f4nio Vaz, Contar e Jamilson Name pelas emendas parlamentares, utilizadas no enfrentamento ao COVID e ao nosso Governador Reinaldo Azambuja pela aten\u00e7\u00e3o dispensada na formata\u00e7\u00e3o destes leitos, e de outros que ainda est\u00e3o em andamento\u201d, completou o prefeito.<\/p>\n<p><img loading=\"lazy\" decoding=\"async\" class=\"alignnone size-full wp-image-70823 lazyautosizes lazyloaded\" src=\"https:\/\/www.corumba.ms.gov.br\/wp-content\/uploads\/2020\/05\/3CCB0AF4-678A-4474-A1A3-9735CA4297D1.jpeg\" sizes=\"auto, 930px\" srcset=\"https:\/\/www.corumba.ms.gov.br\/wp-content\/uploads\/2020\/05\/3CCB0AF4-678A-4474-A1A3-9735CA4297D1.jpeg 1024w, https:\/\/www.corumba.ms.gov.br\/wp-content\/uploads\/2020\/05\/3CCB0AF4-678A-4474-A1A3-9735CA4297D1-300x200.jpeg 300w, https:\/\/www.corumba.ms.gov.br\/wp-content\/uploads\/2020\/05\/3CCB0AF4-678A-4474-A1A3-9735CA4297D1-150x100.jpeg 150w, https:\/\/www.corumba.ms.gov.br\/wp-content\/uploads\/2020\/05\/3CCB0AF4-678A-4474-A1A3-9735CA4297D1-768x512.jpeg 768w, https:\/\/www.corumba.ms.gov.br\/wp-content\/uploads\/2020\/05\/3CCB0AF4-678A-4474-A1A3-9735CA4297D1-370x247.jpeg 370w, https:\/\/www.corumba.ms.gov.br\/wp-content\/uploads\/2020\/05\/3CCB0AF4-678A-4474-A1A3-9735CA4297D1-760x507.jpeg 760w\" alt=\"\" width=\"1024\" height=\"683\" data-src=\"https:\/\/www.corumba.ms.gov.br\/wp-content\/uploads\/2020\/05\/3CCB0AF4-678A-4474-A1A3-9735CA4297D1.jpeg\" data-srcset=\"https:\/\/www.corumba.ms.gov.br\/wp-content\/uploads\/2020\/05\/3CCB0AF4-678A-4474-A1A3-9735CA4297D1.jpeg 1024w, https:\/\/www.corumba.ms.gov.br\/wp-content\/uploads\/2020\/05\/3CCB0AF4-678A-4474-A1A3-9735CA4297D1-300x200.jpeg 300w, https:\/\/www.corumba.ms.gov.br\/wp-content\/uploads\/2020\/05\/3CCB0AF4-678A-4474-A1A3-9735CA4297D1-150x100.jpeg 150w, https:\/\/www.corumba.ms.gov.br\/wp-content\/uploads\/2020\/05\/3CCB0AF4-678A-4474-A1A3-9735CA4297D1-768x512.jpeg 768w, https:\/\/www.corumba.ms.gov.br\/wp-content\/uploads\/2020\/05\/3CCB0AF4-678A-4474-A1A3-9735CA4297D1-370x247.jpeg 370w, https:\/\/www.corumba.ms.gov.br\/wp-content\/uploads\/2020\/05\/3CCB0AF4-678A-4474-A1A3-9735CA4297D1-760x507.jpeg 760w\" data-sizes=\"auto\" \/><\/p>\n<p>Para o presidente da Junta Interventora que administra a Santa Casa, Eduardo Iunes, esses novos leitos d\u00e3o mais seguran\u00e7a \u00e0 popula\u00e7\u00e3o e aos servidores da Santa Casa. \u201cTemos uma boa estrutura montada para combater essa doen\u00e7a. \u00c9 importante tamb\u00e9m destacar que esses equipamentos permanecer\u00e3o na cidade, mesmo ap\u00f3s essa pandemia passar\u201d, afirmou.<\/p>\n<p>O secret\u00e1rio municipal de Sa\u00fade de Corumb\u00e1, Rog\u00e9rio Leite, observou que a formata\u00e7\u00e3o e homologa\u00e7\u00e3o dos novos leitos s\u00e3o resultados de \u201ctrabalho em conjunto Secretaria Municipal de Sa\u00fade, da secretaria Estadual, do Conselho de Secret\u00e1rios Municipais de Sa\u00fade do Mato Grosso do Sul (COSEMS) em prol do fortalecimento da estrutura dos munic\u00edpios para o enfrentamento ao Covid-19\u201d.<\/p>\n<p>D\u00e9cadas<\/p>\n<p>Segundo o diretor-t\u00e9cnico da Santa Casa de Corumb\u00e1, Manoel Jo\u00e3o Costa, h\u00e1 d\u00e9cadas a cidade n\u00e3o recebia novos leitos de UTI. \u201cJ\u00e1 tem mais de 30 anos. Quando ganhamos a atual UTI, simplesmente transferimos os leitos antigos que t\u00ednhamos. Agora foi homologado mais 10 leitos\u201d. O m\u00e9dico ainda agradeceu o Poder Judici\u00e1rio, na pessoa do juiz de Direito Andr\u00e9 Monteiro, que doou uma quantia de quase R$ 200 mil para o hospital de Corumb\u00e1.<\/p>\n<p>O valor doado est\u00e1 viabilizando a amplia\u00e7\u00e3o da rede de oxig\u00eanio para os setores B-2 e B-7. Os dois ser\u00e3o exclusivos para atendimento ao Covid-19. Atualmente, o B-4 \u00e9 o espa\u00e7o reservado para os doentes com o novo Coronav\u00edrus.<\/p>\n<p>\u201cEstamos com a expectativa de que essa UTI, quando a Covid-19 for embora \u2013 e isso vai acontecer logo, se Deus quiser \u2013 ele vai continuar aberto porque o CTI antigo j\u00e1 n\u00e3o atende mais a popula\u00e7\u00e3o corumbaense\u201d, completou Manoel Jo\u00e3o, lembrando que a cidade agora conta com 22 leitos de Terapia Intensiva.<\/p>\n","protected":false},"excerpt":{"rendered":"<p>O Minist\u00e9rio da Sa\u00fade habilitou os 10 novos leitos de UTI (Unidade de Terapia Intensiva)&#8230;<\/p>\n","protected":false},"author":1,"featured_media":41412,"comment_status":"closed","ping_status":"closed","sticky":false,"template":"","format":"standard","meta":{"footnotes":""},"categories":[8,21],"tags":[],"class_list":["post-41411","post","type-post","status-publish","format-standard","has-post-thumbnail","hentry","category-destaque","category-saude"],"_links":{"self":[{"href":"https:\/\/www.corumbaonline.com.br\/news\/wp-json\/wp\/v2\/posts\/41411","targetHints":{"allow":["GET"]}}],"collection":[{"href":"https:\/\/www.corumbaonline.com.br\/news\/wp-json\/wp\/v2\/posts"}],"about":[{"href":"https:\/\/www.corumbaonline.com.br\/news\/wp-json\/wp\/v2\/types\/post"}],"author":[{"embeddable":true,"href":"https:\/\/www.corumbaonline.com.br\/news\/wp-json\/wp\/v2\/users\/1"}],"replies":[{"embeddable":true,"href":"https:\/\/www.corumbaonline.com.br\/news\/wp-json\/wp\/v2\/comments?post=41411"}],"version-history":[{"count":1,"href":"https:\/\/www.corumbaonline.com.br\/news\/wp-json\/wp\/v2\/posts\/41411\/revisions"}],"predecessor-version":[{"id":41413,"href":"https:\/\/www.corumbaonline.com.br\/news\/wp-json\/wp\/v2\/posts\/41411\/revisions\/41413"}],"wp:featuredmedia":[{"embeddable":true,"href":"https:\/\/www.corumbaonline.com.br\/news\/wp-json\/wp\/v2\/media\/41412"}],"wp:attachment":[{"href":"https:\/\/www.corumbaonline.com.br\/news\/wp-json\/wp\/v2\/media?parent=41411"}],"wp:term":[{"taxonomy":"category","embeddable":true,"href":"https:\/\/www.corumbaonline.com.br\/news\/wp-json\/wp\/v2\/categories?post=41411"},{"taxonomy":"post_tag","embeddable":true,"href":"https:\/\/www.corumbaonline.com.br\/news\/wp-json\/wp\/v2\/tags?post=41411"}],"curies":[{"name":"wp","href":"https:\/\/api.w.org\/{rel}","templated":true}]}}