{"id":41425,"date":"2020-05-19T09:15:00","date_gmt":"2020-05-19T13:15:00","guid":{"rendered":"http:\/\/www.corumbaonline.com.br\/news\/?p=41425"},"modified":"2020-05-19T09:41:30","modified_gmt":"2020-05-19T13:41:30","slug":"governo-de-ms-confirma-indicacao-de-diretor-do-dof-para-o-comando-da-policia-militar","status":"publish","type":"post","link":"https:\/\/www.corumbaonline.com.br\/news\/governo-de-ms-confirma-indicacao-de-diretor-do-dof-para-o-comando-da-policia-militar\/","title":{"rendered":"Governo de MS confirma indica\u00e7\u00e3o de diretor do DOF para o comando da Pol\u00edcia Militar"},"content":{"rendered":"<p>O coronel PM Marcos Paulo Gimenez, 46, assumir\u00e1 na sexta-feira (22), \u00e0s 10h, o comando-geral da Pol\u00edcia Militar de Mato Grosso do Sul, em substitui\u00e7\u00e3o ao tamb\u00e9m coronel Waldir Ribeiro Acosta, 56, que seguir\u00e1 para a reserva pelo tempo de servi\u00e7o. O futuro chefe da PM estadual \u00e9 o atual comandante do DOF (Departamento de Opera\u00e7\u00f5es de Fronteira)\u00a0e teve sua indica\u00e7\u00e3o antecipada pelo\u00a0Jornal Midiamax.<\/p>\n<p>Segundo o coronel Marcos Paulo, seu objetivo ser\u00e1 especializar a tropa da PM para atingir a excel\u00eancia no combate \u00e0 criminalidade do Estado. \u201cS\u00e3o muitos desafios, mas o principal \u00e9 buscar a especializa\u00e7\u00e3o dos policiais para que possam fazer um trabalho de excel\u00eancia e combater efetivamente \u00e0 criminalidade. Quero trazer equidade \u00e0 corpora\u00e7\u00e3o, para que a tropa fique mais imbu\u00edda, coesa e humanit\u00e1ria\u201d, pontuou o coronel \u00e0 assessoria do Governo do Estado.<\/p>\n<p>O novo chefe da PM estava desde abril de 2019 \u00e0 frente do DOF, setor da Pol\u00edcia Militar concentrado no enfrentamento aos crimes na regi\u00e3o de fronteira, notadamente o tr\u00e1fico e o contrabando, \u00e1rea de disputa por fac\u00e7\u00f5es criminosas. Antes, comandou o Batalh\u00e3o de Choque e foi subcomandante da Academia da Pol\u00edcia Militar.<\/p>\n<p>A indica\u00e7\u00e3o conta com o respaldo do atual comandante da PM. \u201cDesejo muito sucesso ao Marcos Paulo. O que puder auxili\u00e1-lo, estou aqui pronto para o que for poss\u00edvel. Desejo que ele possa crescer junto com a sua tropa\u201d, disse o coronel Acosta, que deixar\u00e1 o cargo ap\u00f3s 5 anos listando, entre as a\u00e7\u00f5es, o Curso de Forma\u00e7\u00e3o para Oficiais formados em Direito, a constru\u00e7\u00e3o dos quart\u00e9is de Jardim e Coxim, redu\u00e7\u00e3o dos \u00edndices de criminalidade e cria\u00e7\u00e3o do Grupamento A\u00e9reo.<\/p>\n<p>A solenidade de transmiss\u00e3o do cargo ser\u00e1 fechada em raz\u00e3o das a\u00e7\u00f5es de enfrentamento ao novo coronav\u00edrus (Covid-19), com transmiss\u00e3o pela internet.<\/p>\n","protected":false},"excerpt":{"rendered":"<p>O coronel PM Marcos Paulo Gimenez, 46, assumir\u00e1 na sexta-feira (22), \u00e0s 10h, o comando-geral&#8230;<\/p>\n","protected":false},"author":1,"featured_media":0,"comment_status":"closed","ping_status":"closed","sticky":false,"template":"","format":"standard","meta":{"footnotes":""},"categories":[18],"tags":[],"class_list":["post-41425","post","type-post","status-publish","format-standard","hentry","category-seguranca"],"_links":{"self":[{"href":"https:\/\/www.corumbaonline.com.br\/news\/wp-json\/wp\/v2\/posts\/41425","targetHints":{"allow":["GET"]}}],"collection":[{"href":"https:\/\/www.corumbaonline.com.br\/news\/wp-json\/wp\/v2\/posts"}],"about":[{"href":"https:\/\/www.corumbaonline.com.br\/news\/wp-json\/wp\/v2\/types\/post"}],"author":[{"embeddable":true,"href":"https:\/\/www.corumbaonline.com.br\/news\/wp-json\/wp\/v2\/users\/1"}],"replies":[{"embeddable":true,"href":"https:\/\/www.corumbaonline.com.br\/news\/wp-json\/wp\/v2\/comments?post=41425"}],"version-history":[{"count":1,"href":"https:\/\/www.corumbaonline.com.br\/news\/wp-json\/wp\/v2\/posts\/41425\/revisions"}],"predecessor-version":[{"id":41426,"href":"https:\/\/www.corumbaonline.com.br\/news\/wp-json\/wp\/v2\/posts\/41425\/revisions\/41426"}],"wp:attachment":[{"href":"https:\/\/www.corumbaonline.com.br\/news\/wp-json\/wp\/v2\/media?parent=41425"}],"wp:term":[{"taxonomy":"category","embeddable":true,"href":"https:\/\/www.corumbaonline.com.br\/news\/wp-json\/wp\/v2\/categories?post=41425"},{"taxonomy":"post_tag","embeddable":true,"href":"https:\/\/www.corumbaonline.com.br\/news\/wp-json\/wp\/v2\/tags?post=41425"}],"curies":[{"name":"wp","href":"https:\/\/api.w.org\/{rel}","templated":true}]}}