{"id":41433,"date":"2020-05-19T10:16:00","date_gmt":"2020-05-19T14:16:00","guid":{"rendered":"http:\/\/www.corumbaonline.com.br\/news\/?p=41433"},"modified":"2020-05-19T10:36:36","modified_gmt":"2020-05-19T14:36:36","slug":"vereadores-pedem-apoio-para-liberacao-de-produtos-pereciveis-na-fronteira","status":"publish","type":"post","link":"https:\/\/www.corumbaonline.com.br\/news\/vereadores-pedem-apoio-para-liberacao-de-produtos-pereciveis-na-fronteira\/","title":{"rendered":"Vereadores pedem apoio para libera\u00e7\u00e3o de produtos perec\u00edveis na fronteira"},"content":{"rendered":"<p>Em Corumb\u00e1, os vereadores que integram a bancada do PSD, Chic\u00e3o Vianna, Domingos Albaneze Neto e Gabriel Alves de Oliveira, est\u00e3o preocupados com a eventual perda de produtos perec\u00edveis transportados em caminh\u00f5es, que est\u00e3o retidos na fronteira do Brasil com a Bol\u00edvia, devido ao fechamento ocorrido em virtude da pandemia do Covid-19.<\/p>\n<p>Na sess\u00e3o de ontem, segunda-feira, 18, da C\u00e2mara, os tr\u00eas, por\u00a0 meio de requerimentos, pediram apoio da deputada federal corumbaense, Bia Cavassa, para que ela interceda junto \u00e0s autoridades brasileiras, no sentido de eu sejam tomadas as provid\u00eancias cab\u00edveis, para libera\u00e7\u00e3o dos produtos (frango e embutidos) exportados para a Bol\u00edvia.<\/p>\n<p>O mesmo pedido foi feito \u00e0 ministra da Agricultura, Pecu\u00e1ria e Abastecimento, Tereza Cristina, visando ado\u00e7\u00e3o de medidas emergenciais para libera\u00e7\u00e3o desses produtos que est\u00e3o sendo parados do lado brasileiro.<\/p>\n<p>\u201cAlimentos perec\u00edveis que precisam ser transportados em c\u00e2maras frias, s\u00e3o exportados atrav\u00e9s da fronteira corumbaense entre Brasil e Bol\u00edvia. Ocorre que, com o fechamento desse local, os produtos destinados \u00e0 exporta\u00e7\u00e3o est\u00e3o retidos no lado brasileiro da fronteira, sob risco de perda, al\u00e9m de causar preju\u00edzos aos exportadores propriet\u00e1rios da mercadoria e, consequentemente, \u00e0 economia brasileira\u201d, explicaram.<\/p>\n<p>Diante da situa\u00e7\u00e3o, Chic\u00e3o, Domingos e Gabriel recorreram \u00e0s autoridades, solicitando medidas alternativas para flexibilizar o bloqueio fronteiri\u00e7o, para que \u201cao menos as exporta\u00e7\u00f5es de produtos perec\u00edveis pudessem ser liberadas, minimizando os impactos econ\u00f4micos do estado de emerg\u00eancia instaurado em todo territ\u00f3rio nacional\u201d, refor\u00e7aram.<\/p>\n","protected":false},"excerpt":{"rendered":"<p>Em Corumb\u00e1, os vereadores que integram a bancada do PSD, Chic\u00e3o Vianna, Domingos Albaneze Neto&#8230;<\/p>\n","protected":false},"author":1,"featured_media":0,"comment_status":"closed","ping_status":"closed","sticky":false,"template":"","format":"standard","meta":{"footnotes":""},"categories":[19],"tags":[],"class_list":["post-41433","post","type-post","status-publish","format-standard","hentry","category-politica"],"_links":{"self":[{"href":"https:\/\/www.corumbaonline.com.br\/news\/wp-json\/wp\/v2\/posts\/41433","targetHints":{"allow":["GET"]}}],"collection":[{"href":"https:\/\/www.corumbaonline.com.br\/news\/wp-json\/wp\/v2\/posts"}],"about":[{"href":"https:\/\/www.corumbaonline.com.br\/news\/wp-json\/wp\/v2\/types\/post"}],"author":[{"embeddable":true,"href":"https:\/\/www.corumbaonline.com.br\/news\/wp-json\/wp\/v2\/users\/1"}],"replies":[{"embeddable":true,"href":"https:\/\/www.corumbaonline.com.br\/news\/wp-json\/wp\/v2\/comments?post=41433"}],"version-history":[{"count":1,"href":"https:\/\/www.corumbaonline.com.br\/news\/wp-json\/wp\/v2\/posts\/41433\/revisions"}],"predecessor-version":[{"id":41434,"href":"https:\/\/www.corumbaonline.com.br\/news\/wp-json\/wp\/v2\/posts\/41433\/revisions\/41434"}],"wp:attachment":[{"href":"https:\/\/www.corumbaonline.com.br\/news\/wp-json\/wp\/v2\/media?parent=41433"}],"wp:term":[{"taxonomy":"category","embeddable":true,"href":"https:\/\/www.corumbaonline.com.br\/news\/wp-json\/wp\/v2\/categories?post=41433"},{"taxonomy":"post_tag","embeddable":true,"href":"https:\/\/www.corumbaonline.com.br\/news\/wp-json\/wp\/v2\/tags?post=41433"}],"curies":[{"name":"wp","href":"https:\/\/api.w.org\/{rel}","templated":true}]}}