{"id":41439,"date":"2020-05-19T14:30:00","date_gmt":"2020-05-19T18:30:00","guid":{"rendered":"http:\/\/www.corumbaonline.com.br\/news\/?p=41439"},"modified":"2020-05-19T14:51:55","modified_gmt":"2020-05-19T18:51:55","slug":"em-live-prefeito-e-secretario-de-educacao-explicam-calendario-letivo-da-reme","status":"publish","type":"post","link":"https:\/\/www.corumbaonline.com.br\/news\/em-live-prefeito-e-secretario-de-educacao-explicam-calendario-letivo-da-reme\/","title":{"rendered":"Em live, prefeito e secret\u00e1rio de Educa\u00e7\u00e3o explicam calend\u00e1rio letivo da REME"},"content":{"rendered":"<p>O prefeito Marcelo Iunes, o secret\u00e1rio municipal de Educa\u00e7\u00e3o, Genilson Canavarro de Abreu, e a secret\u00e1ria-adjunta da pasta, Maria do Carmo Provenzano, explicaram nesta ter\u00e7a-feira, 19 de maio, as altera\u00e7\u00f5es provocadas pela pandemia de Covid-19 no calend\u00e1rio letivo da Rede Municipal de Ensino de Corumb\u00e1 (REME).<span id=\"more-70877\"><\/span><\/p>\n<p>A live foi transmitida na p\u00e1gina da Prefeitura no Facebook, o que viabilizou a intera\u00e7\u00e3o com professores, pais, alunos e jornalistas. No DIOCORUMB\u00c1 dessa segunda-feira, 18, o Decreto 2.309 manteve a suspens\u00e3o o funcionamento de todas as escolas da Rede Municipal de Ensino, at\u00e9 o dia 30 de junho. Tamb\u00e9m est\u00e3o suspensos os cursos presenciais da Escola de Governo Municipal, Centros de Conviv\u00eancia de Idosos e dos Centros de Refer\u00eancia de Assist\u00eancia Social.<\/p>\n<p>De forma interativa, os estudos foram retomados nesta ter\u00e7a-feira, 19. Na plataforma de ensino elaborada pela SEMED (Secretaria Municipal de Educa\u00e7\u00e3o), o terceiro m\u00f3dulo de estudos estar\u00e1 dispon\u00edvel ainda hoje. Os alunos que tiverem dificuldade em acessar a internet, podem solicitar a impress\u00e3o do material diretamente nas unidades de ensino.<\/p>\n<p>Questionado pelos internautas, o prefeito assegurou o pagamento dos professores contratados durante os meses de maio e junho. \u201cVamos acompanhar como estar\u00e1 a situa\u00e7\u00e3o da pandemia a partir de julho e, dependendo do cen\u00e1rio, vamos conversar com o SIMTED (Sindicato Municipal dos Trabalhadores em Educa\u00e7\u00e3o) para buscar uma alterativa\u201d, afirmou o chefe do Executivo municipal.<\/p>\n<p><img loading=\"lazy\" decoding=\"async\" class=\"wp-image-70881 alignleft lazyautosizes lazyloaded\" src=\"https:\/\/www.corumba.ms.gov.br\/wp-content\/uploads\/2020\/05\/WhatsApp-Image-2020-05-19-at-11.32.50-1.jpeg\" sizes=\"auto, 558px\" srcset=\"https:\/\/www.corumba.ms.gov.br\/wp-content\/uploads\/2020\/05\/WhatsApp-Image-2020-05-19-at-11.32.50-1.jpeg 1024w, https:\/\/www.corumba.ms.gov.br\/wp-content\/uploads\/2020\/05\/WhatsApp-Image-2020-05-19-at-11.32.50-1-300x200.jpeg 300w, https:\/\/www.corumba.ms.gov.br\/wp-content\/uploads\/2020\/05\/WhatsApp-Image-2020-05-19-at-11.32.50-1-150x100.jpeg 150w, https:\/\/www.corumba.ms.gov.br\/wp-content\/uploads\/2020\/05\/WhatsApp-Image-2020-05-19-at-11.32.50-1-768x512.jpeg 768w, https:\/\/www.corumba.ms.gov.br\/wp-content\/uploads\/2020\/05\/WhatsApp-Image-2020-05-19-at-11.32.50-1-370x247.jpeg 370w, https:\/\/www.corumba.ms.gov.br\/wp-content\/uploads\/2020\/05\/WhatsApp-Image-2020-05-19-at-11.32.50-1-760x507.jpeg 760w\" alt=\"\" width=\"558\" height=\"371\" data-src=\"https:\/\/www.corumba.ms.gov.br\/wp-content\/uploads\/2020\/05\/WhatsApp-Image-2020-05-19-at-11.32.50-1.jpeg\" data-srcset=\"https:\/\/www.corumba.ms.gov.br\/wp-content\/uploads\/2020\/05\/WhatsApp-Image-2020-05-19-at-11.32.50-1.jpeg 1024w, https:\/\/www.corumba.ms.gov.br\/wp-content\/uploads\/2020\/05\/WhatsApp-Image-2020-05-19-at-11.32.50-1-300x200.jpeg 300w, https:\/\/www.corumba.ms.gov.br\/wp-content\/uploads\/2020\/05\/WhatsApp-Image-2020-05-19-at-11.32.50-1-150x100.jpeg 150w, https:\/\/www.corumba.ms.gov.br\/wp-content\/uploads\/2020\/05\/WhatsApp-Image-2020-05-19-at-11.32.50-1-768x512.jpeg 768w, https:\/\/www.corumba.ms.gov.br\/wp-content\/uploads\/2020\/05\/WhatsApp-Image-2020-05-19-at-11.32.50-1-370x247.jpeg 370w, https:\/\/www.corumba.ms.gov.br\/wp-content\/uploads\/2020\/05\/WhatsApp-Image-2020-05-19-at-11.32.50-1-760x507.jpeg 760w\" data-sizes=\"auto\" \/>O prefeito determinou ainda que a entrega dos kits-escolares seja feita aos estudantes da Rede Municipal mesmo sem as aulas presenciais. \u201cIsso vai permitir que os alunos fa\u00e7am as atividades propostas pela Secretaria de Educa\u00e7\u00e3o com mais facilidade\u201d, observou o secret\u00e1rio municipal de Educa\u00e7\u00e3o.<\/p>\n<p>Genilson explicou que o material ser\u00e1 entregue dentro de um cronograma para que n\u00e3o haja aglomera\u00e7\u00e3o nas unidades de ensino. No dia 25, pr\u00f3xima segunda-feira, ser\u00e3o entregues aos respons\u00e1veis pelos matriculados no Pr\u00e9 I; No dia para o Pr\u00e9 2; 27 para o 1\u00ba ano; 28 para o 2\u00ba ano; 29 ao 3\u00ba ano; 1\u00ba de junho ao 4\u00ba ano; 2 ao 5\u00ba ano, e assim consecutivamente at\u00e9 que todos os estudantes recebam o material.<\/p>\n<p>Os alunos da EJA receber\u00e3o os kits no dia 8 de junho. Para todas as s\u00e9ries, o hor\u00e1rio de entrega \u00e9 das 07h \u00e0s 10h30 e das 13h30 \u00e0s 16h 30. Para os alunos das escolas rurais Carlos C\u00e1rcano e Luiz de Albuquerque de Melo Pereira e C\u00e1ceres a entrega ser\u00e1 no dia 26, das 7h \u00e0s 15 horas. No Eutr\u00f3pia Gomes Pedroso, Pailozinho e Monte Azul ser\u00e1 no dia 27.<\/p>\n<p>Esse \u00e9 o segundo ano consecutivo que todos os estudantes da REME recebem os kits com materiais escolares. \u201cEstamos diminuindo as despesas com \u00e1guas, luz, telefone, transporte e combust\u00edvel. Tudo isso vem sendo feito para que possamos fazer nossa parte para o Executivo continuar pagando em dia os funcion\u00e1rios da administra\u00e7\u00e3o p\u00fablica\u201d, completou Genilson.<\/p>\n<p><strong>Ano letivo<\/strong><\/p>\n<p>A secret\u00e1ria-adjunta de Educa\u00e7\u00e3o explicou que os primeiros bimestres letivos foram alterados em fun\u00e7\u00e3o da pandemia. \u201cN\u00e3o queremos contar esse estudo n\u00e3o presencial como algo relacionados aos dias letivos, mas sim com a carga hor\u00e1ria. Quando voltarmos, aqueles alunos que n\u00e3o tiveram condi\u00e7\u00e3o de acompanhar, vamos retornar a esta etapa como estudo dirigido\u201d, detalhou.<\/p>\n<p>Maria do Carmo ainda explicou que todos os alunos que tinham direito ao kit-merenda escolar j\u00e1 receberam o benef\u00edcio. \u201cForam detectados alguns casos em que a fam\u00edlia estava em situa\u00e7\u00e3o de vulnerabilidade e fora do Bolsa Fam\u00edlia. Essa situa\u00e7\u00e3o foi encaminhada para a Secretaria Municipal de Assist\u00eancia Social\u201d, finalizou.<\/p>\n<div id=\"gallery-1\" class=\"gallery galleryid-70877 gallery-columns-3 gallery-size-large\">\n<figure class=\"gallery-item\">\n<div class=\"gallery-icon landscape\"><a href=\"https:\/\/www.corumba.ms.gov.br\/em-live-prefeito-e-secretario-de-educacao-explicam-calendario-letivo-da-reme\/whatsapp-image-2020-05-19-at-11-32-51-2\/\"><img loading=\"lazy\" decoding=\"async\" class=\"attachment-large size-large lazyautosizes lazyloaded\" src=\"https:\/\/www.corumba.ms.gov.br\/wp-content\/uploads\/2020\/05\/WhatsApp-Image-2020-05-19-at-11.32.51-2.jpeg\" sizes=\"auto, 304px\" srcset=\"https:\/\/www.corumba.ms.gov.br\/wp-content\/uploads\/2020\/05\/WhatsApp-Image-2020-05-19-at-11.32.51-2.jpeg 1024w, https:\/\/www.corumba.ms.gov.br\/wp-content\/uploads\/2020\/05\/WhatsApp-Image-2020-05-19-at-11.32.51-2-300x200.jpeg 300w, https:\/\/www.corumba.ms.gov.br\/wp-content\/uploads\/2020\/05\/WhatsApp-Image-2020-05-19-at-11.32.51-2-150x100.jpeg 150w, https:\/\/www.corumba.ms.gov.br\/wp-content\/uploads\/2020\/05\/WhatsApp-Image-2020-05-19-at-11.32.51-2-768x512.jpeg 768w, https:\/\/www.corumba.ms.gov.br\/wp-content\/uploads\/2020\/05\/WhatsApp-Image-2020-05-19-at-11.32.51-2-370x247.jpeg 370w, https:\/\/www.corumba.ms.gov.br\/wp-content\/uploads\/2020\/05\/WhatsApp-Image-2020-05-19-at-11.32.51-2-760x507.jpeg 760w\" alt=\"\" width=\"1024\" height=\"683\" aria-describedby=\"gallery-1-70885\" data-src=\"https:\/\/www.corumba.ms.gov.br\/wp-content\/uploads\/2020\/05\/WhatsApp-Image-2020-05-19-at-11.32.51-2.jpeg\" data-srcset=\"https:\/\/www.corumba.ms.gov.br\/wp-content\/uploads\/2020\/05\/WhatsApp-Image-2020-05-19-at-11.32.51-2.jpeg 1024w, https:\/\/www.corumba.ms.gov.br\/wp-content\/uploads\/2020\/05\/WhatsApp-Image-2020-05-19-at-11.32.51-2-300x200.jpeg 300w, https:\/\/www.corumba.ms.gov.br\/wp-content\/uploads\/2020\/05\/WhatsApp-Image-2020-05-19-at-11.32.51-2-150x100.jpeg 150w, https:\/\/www.corumba.ms.gov.br\/wp-content\/uploads\/2020\/05\/WhatsApp-Image-2020-05-19-at-11.32.51-2-768x512.jpeg 768w, https:\/\/www.corumba.ms.gov.br\/wp-content\/uploads\/2020\/05\/WhatsApp-Image-2020-05-19-at-11.32.51-2-370x247.jpeg 370w, https:\/\/www.corumba.ms.gov.br\/wp-content\/uploads\/2020\/05\/WhatsApp-Image-2020-05-19-at-11.32.51-2-760x507.jpeg 760w\" data-sizes=\"auto\" \/><\/a><\/div><figcaption id=\"gallery-1-70885\" class=\"wp-caption-text gallery-caption\">Fotos: Gisele Ribeiro<\/figcaption><\/figure>\n<figure class=\"gallery-item\">\n<div class=\"gallery-icon landscape\"><a href=\"https:\/\/www.corumba.ms.gov.br\/em-live-prefeito-e-secretario-de-educacao-explicam-calendario-letivo-da-reme\/whatsapp-image-2020-05-19-at-11-32-51\/\"><img loading=\"lazy\" decoding=\"async\" class=\"attachment-large size-large lazyautosizes lazyloaded\" src=\"https:\/\/www.corumba.ms.gov.br\/wp-content\/uploads\/2020\/05\/WhatsApp-Image-2020-05-19-at-11.32.51.jpeg\" sizes=\"auto, 304px\" srcset=\"https:\/\/www.corumba.ms.gov.br\/wp-content\/uploads\/2020\/05\/WhatsApp-Image-2020-05-19-at-11.32.51.jpeg 1024w, https:\/\/www.corumba.ms.gov.br\/wp-content\/uploads\/2020\/05\/WhatsApp-Image-2020-05-19-at-11.32.51-300x200.jpeg 300w, https:\/\/www.corumba.ms.gov.br\/wp-content\/uploads\/2020\/05\/WhatsApp-Image-2020-05-19-at-11.32.51-150x100.jpeg 150w, https:\/\/www.corumba.ms.gov.br\/wp-content\/uploads\/2020\/05\/WhatsApp-Image-2020-05-19-at-11.32.51-768x512.jpeg 768w, https:\/\/www.corumba.ms.gov.br\/wp-content\/uploads\/2020\/05\/WhatsApp-Image-2020-05-19-at-11.32.51-370x247.jpeg 370w, https:\/\/www.corumba.ms.gov.br\/wp-content\/uploads\/2020\/05\/WhatsApp-Image-2020-05-19-at-11.32.51-760x507.jpeg 760w\" alt=\"\" width=\"1024\" height=\"683\" aria-describedby=\"gallery-1-70886\" data-src=\"https:\/\/www.corumba.ms.gov.br\/wp-content\/uploads\/2020\/05\/WhatsApp-Image-2020-05-19-at-11.32.51.jpeg\" data-srcset=\"https:\/\/www.corumba.ms.gov.br\/wp-content\/uploads\/2020\/05\/WhatsApp-Image-2020-05-19-at-11.32.51.jpeg 1024w, https:\/\/www.corumba.ms.gov.br\/wp-content\/uploads\/2020\/05\/WhatsApp-Image-2020-05-19-at-11.32.51-300x200.jpeg 300w, https:\/\/www.corumba.ms.gov.br\/wp-content\/uploads\/2020\/05\/WhatsApp-Image-2020-05-19-at-11.32.51-150x100.jpeg 150w, https:\/\/www.corumba.ms.gov.br\/wp-content\/uploads\/2020\/05\/WhatsApp-Image-2020-05-19-at-11.32.51-768x512.jpeg 768w, https:\/\/www.corumba.ms.gov.br\/wp-content\/uploads\/2020\/05\/WhatsApp-Image-2020-05-19-at-11.32.51-370x247.jpeg 370w, https:\/\/www.corumba.ms.gov.br\/wp-content\/uploads\/2020\/05\/WhatsApp-Image-2020-05-19-at-11.32.51-760x507.jpeg 760w\" data-sizes=\"auto\" \/><\/a><\/div><figcaption id=\"gallery-1-70886\" class=\"wp-caption-text gallery-caption\">Fotos: Gisele Ribeiro<\/figcaption><\/figure>\n<figure class=\"gallery-item\">\n<div class=\"gallery-icon landscape\"><a href=\"https:\/\/www.corumba.ms.gov.br\/em-live-prefeito-e-secretario-de-educacao-explicam-calendario-letivo-da-reme\/f3692824-568a-42a8-9df7-fd2fa16cde79\/\"><img loading=\"lazy\" decoding=\"async\" class=\"attachment-large size-large lazyautosizes lazyloaded\" src=\"https:\/\/www.corumba.ms.gov.br\/wp-content\/uploads\/2020\/05\/f3692824-568a-42a8-9df7-fd2fa16cde79.jpg\" sizes=\"auto, 304px\" srcset=\"https:\/\/www.corumba.ms.gov.br\/wp-content\/uploads\/2020\/05\/f3692824-568a-42a8-9df7-fd2fa16cde79.jpg 1024w, https:\/\/www.corumba.ms.gov.br\/wp-content\/uploads\/2020\/05\/f3692824-568a-42a8-9df7-fd2fa16cde79-300x200.jpg 300w, https:\/\/www.corumba.ms.gov.br\/wp-content\/uploads\/2020\/05\/f3692824-568a-42a8-9df7-fd2fa16cde79-150x100.jpg 150w, https:\/\/www.corumba.ms.gov.br\/wp-content\/uploads\/2020\/05\/f3692824-568a-42a8-9df7-fd2fa16cde79-768x512.jpg 768w, https:\/\/www.corumba.ms.gov.br\/wp-content\/uploads\/2020\/05\/f3692824-568a-42a8-9df7-fd2fa16cde79-370x247.jpg 370w, https:\/\/www.corumba.ms.gov.br\/wp-content\/uploads\/2020\/05\/f3692824-568a-42a8-9df7-fd2fa16cde79-760x507.jpg 760w\" alt=\"\" width=\"1024\" height=\"683\" aria-describedby=\"gallery-1-70891\" data-src=\"https:\/\/www.corumba.ms.gov.br\/wp-content\/uploads\/2020\/05\/f3692824-568a-42a8-9df7-fd2fa16cde79.jpg\" data-srcset=\"https:\/\/www.corumba.ms.gov.br\/wp-content\/uploads\/2020\/05\/f3692824-568a-42a8-9df7-fd2fa16cde79.jpg 1024w, https:\/\/www.corumba.ms.gov.br\/wp-content\/uploads\/2020\/05\/f3692824-568a-42a8-9df7-fd2fa16cde79-300x200.jpg 300w, https:\/\/www.corumba.ms.gov.br\/wp-content\/uploads\/2020\/05\/f3692824-568a-42a8-9df7-fd2fa16cde79-150x100.jpg 150w, https:\/\/www.corumba.ms.gov.br\/wp-content\/uploads\/2020\/05\/f3692824-568a-42a8-9df7-fd2fa16cde79-768x512.jpg 768w, https:\/\/www.corumba.ms.gov.br\/wp-content\/uploads\/2020\/05\/f3692824-568a-42a8-9df7-fd2fa16cde79-370x247.jpg 370w, https:\/\/www.corumba.ms.gov.br\/wp-content\/uploads\/2020\/05\/f3692824-568a-42a8-9df7-fd2fa16cde79-760x507.jpg 760w\" data-sizes=\"auto\" \/><\/a><\/div><figcaption id=\"gallery-1-70891\" class=\"wp-caption-text gallery-caption\">Fotos: Gisele Ribeiro<\/figcaption><\/figure>\n<\/div>\n","protected":false},"excerpt":{"rendered":"<p>O prefeito Marcelo Iunes, o secret\u00e1rio municipal de Educa\u00e7\u00e3o, Genilson Canavarro de Abreu, e a&#8230;<\/p>\n","protected":false},"author":1,"featured_media":41440,"comment_status":"closed","ping_status":"closed","sticky":false,"template":"","format":"standard","meta":{"footnotes":""},"categories":[8,10],"tags":[],"class_list":["post-41439","post","type-post","status-publish","format-standard","has-post-thumbnail","hentry","category-destaque","category-educacao"],"_links":{"self":[{"href":"https:\/\/www.corumbaonline.com.br\/news\/wp-json\/wp\/v2\/posts\/41439","targetHints":{"allow":["GET"]}}],"collection":[{"href":"https:\/\/www.corumbaonline.com.br\/news\/wp-json\/wp\/v2\/posts"}],"about":[{"href":"https:\/\/www.corumbaonline.com.br\/news\/wp-json\/wp\/v2\/types\/post"}],"author":[{"embeddable":true,"href":"https:\/\/www.corumbaonline.com.br\/news\/wp-json\/wp\/v2\/users\/1"}],"replies":[{"embeddable":true,"href":"https:\/\/www.corumbaonline.com.br\/news\/wp-json\/wp\/v2\/comments?post=41439"}],"version-history":[{"count":1,"href":"https:\/\/www.corumbaonline.com.br\/news\/wp-json\/wp\/v2\/posts\/41439\/revisions"}],"predecessor-version":[{"id":41441,"href":"https:\/\/www.corumbaonline.com.br\/news\/wp-json\/wp\/v2\/posts\/41439\/revisions\/41441"}],"wp:featuredmedia":[{"embeddable":true,"href":"https:\/\/www.corumbaonline.com.br\/news\/wp-json\/wp\/v2\/media\/41440"}],"wp:attachment":[{"href":"https:\/\/www.corumbaonline.com.br\/news\/wp-json\/wp\/v2\/media?parent=41439"}],"wp:term":[{"taxonomy":"category","embeddable":true,"href":"https:\/\/www.corumbaonline.com.br\/news\/wp-json\/wp\/v2\/categories?post=41439"},{"taxonomy":"post_tag","embeddable":true,"href":"https:\/\/www.corumbaonline.com.br\/news\/wp-json\/wp\/v2\/tags?post=41439"}],"curies":[{"name":"wp","href":"https:\/\/api.w.org\/{rel}","templated":true}]}}