{"id":41462,"date":"2020-05-20T09:26:00","date_gmt":"2020-05-20T13:26:00","guid":{"rendered":"http:\/\/www.corumbaonline.com.br\/news\/?p=41462"},"modified":"2020-05-20T09:49:17","modified_gmt":"2020-05-20T13:49:17","slug":"regina-duarte-deixa-comando-da-secretaria-de-cultura-do-governo-bolsonaro","status":"publish","type":"post","link":"https:\/\/www.corumbaonline.com.br\/news\/regina-duarte-deixa-comando-da-secretaria-de-cultura-do-governo-bolsonaro\/","title":{"rendered":"Regina Duarte deixa comando da secretaria de Cultura do governo Bolsonaro"},"content":{"rendered":"<div data-block-type=\"unstyled\" data-block-weight=\"40\" data-block-id=\"2\">\n<p data-track-category=\"Link no Texto\" data-track-links=\"\">O presidente Jair Bolsonaro anunciou nesta quarta-feira (20) a sa\u00edda da atriz\u00a0Regina Duarte\u00a0do cargo de secret\u00e1ria especial de Cultura. Em publica\u00e7\u00e3o em uma rede social, o presidente afirmou que ela assumir\u00e1 a\u00a0Cinemateca Brasileira,\u00a0em S\u00e3o Paulo.<\/p>\n<\/div>\n<div>\n<div data-block-type=\"unstyled\" data-block-weight=\"21\" data-block-id=\"3\">\n<p data-track-category=\"Link no Texto\" data-track-links=\"\">A Cinemateca Brasileira \u00e9 a institui\u00e7\u00e3o respons\u00e1vel pela preserva\u00e7\u00e3o da produ\u00e7\u00e3o audiovisual brasileira e \u00e9 vinculada \u00e0 Secretaria da Cultura.<\/p>\n<\/div>\n<div data-block-type=\"unstyled\" data-block-weight=\"49\" data-block-id=\"4\">\n<p data-track-category=\"Link no Texto\" data-track-links=\"\">&#8220;Regina Duarte relatou que sente falta de sua fam\u00edlia, mas para que ela possa continuar contribuindo com o Governo e a Cultura Brasileira assumir\u00e1, em alguns dias, a Cinemateca em SP. Nos pr\u00f3ximos dias, durante a transi\u00e7\u00e3o, ser\u00e1 mostrado o trabalho j\u00e1 realizado nos \u00faltimos 60 dias&#8221;, afirmou Bolsonaro.<\/p>\n<div data-block-type=\"unstyled\" data-block-weight=\"29\" data-block-id=\"7\">\n<p data-track-category=\"Link no Texto\" data-track-links=\"\">Regina Duarte\u00a0assumiu a pasta em 4 de mar\u00e7o, com a miss\u00e3o de &#8220;pacificar&#8221; o embate entre a classe art\u00edstica e a ind\u00fastria da cultura com o governo federal.<\/p>\n<\/div>\n<div data-block-type=\"raw\" data-block-weight=\"3\" data-block-id=\"8\">\n<div>\n<h2>Trajet\u00f3ria na secretaria<\/h2>\n<\/div>\n<\/div>\n<div data-block-type=\"unstyled\" data-block-weight=\"25\" data-block-id=\"9\">\n<p data-track-category=\"Link no Texto\" data-track-links=\"\">Desde o in\u00edcio do mandato de Bolsonaro, a secretaria teve alta rotatividade em raz\u00e3o de pol\u00eamicas na pasta e em \u00f3rg\u00e3os vinculados a ela.<\/p>\n<\/div>\n<div data-block-type=\"unstyled\" data-block-weight=\"35\" data-block-id=\"10\">\n<p data-track-category=\"Link no Texto\" data-track-links=\"\">No dia 5 maio, por exemplo, o governo\u00a0renomeou\u00a0maestro Dante Mantovani como presidente da Funda\u00e7\u00e3o Nacional de Artes (Funarte) que tinha sido exonerado por Regina no primeiro dia da atriz \u00e0 frente da secretaria.<\/p>\n<\/div>\n<div data-block-type=\"unstyled\" data-block-weight=\"42\" data-block-id=\"11\">\n<p data-track-category=\"Link no Texto\" data-track-links=\"\">Segundo o blog da\u00a0comentarista do\u00a0G1\u00a0e da TV Globo Andr\u00e9ia Sadi, Regina n\u00e3o foi informada e &#8220;n\u00e3o entendeu&#8221; a nomea\u00e7\u00e3o. Mantovani foi\u00a0exonerado no mesmo dia\u00a0e o ministro do Turismo, Marcelo Alvaro Antonio, justificou as mudan\u00e7as por &#8220;quest\u00f5es internas&#8221;.<\/p>\n<\/div>\n<div data-block-type=\"unstyled\" data-block-weight=\"26\" data-block-id=\"12\">\n<p data-track-category=\"Link no Texto\" data-track-links=\"\">A sa\u00edda de Regina Duarte do governo j\u00e1 era um\u00a0desejo da ala ideol\u00f3gica\u00a0pr\u00f3xima ao presidente, conforme informou a colunista Andr\u00e9ia Sadi nesta ter\u00e7a.<\/p>\n<\/div>\n<div data-block-type=\"unstyled\" data-block-weight=\"20\" data-block-id=\"13\">\n<p data-track-category=\"Link no Texto\" data-track-links=\"\">Questionado sobre a perman\u00eancia de Regina no governo,\u00a0Jair Bolsonaro\u00a0disse que s\u00f3 presidente e vice n\u00e3o podem ser trocados.<\/p>\n<\/div>\n<div data-block-type=\"unstyled\" data-block-weight=\"33\" data-block-id=\"14\">\n<p data-track-category=\"Link no Texto\" data-track-links=\"\">A ala pol\u00edtica do Planalto tentava afastar as especula\u00e7\u00f5es sobre a possibilidade de sa\u00edda de Regina, mas j\u00e1 havia se frustrado com a fala do presidente sobre a secret\u00e1ria na semana passada.<\/p>\n<\/div>\n<div data-block-type=\"raw\" data-block-weight=\"5\" data-block-id=\"15\">\n<div>\n<h2>Bolsonaro queria Regina mais pr\u00f3xima<\/h2>\n<\/div>\n<\/div>\n<div data-block-type=\"unstyled\" data-block-weight=\"25\" data-block-id=\"16\">\n<p data-track-category=\"Link no Texto\" data-track-links=\"\">No fim de abril, na portaria do Pal\u00e1cio da Alvorada, o presidente Jair Bolsonaro elogiou Regina Duarte, mas disse que gostaria de v\u00ea-la mais pr\u00f3xima.<\/p>\n<\/div>\n<div data-block-type=\"unstyled\" data-block-weight=\"24\" data-block-id=\"17\">\n<p data-track-category=\"Link no Texto\" data-track-links=\"\">Na ocasi\u00e3o, ela estava em S\u00e3o Paulo. O presidente disse tamb\u00e9m que ela estava tendo dificuldade em lidar com quest\u00f5es de &#8220;ideologia de g\u00eanero&#8221;.<\/p>\n<\/div>\n<div data-block-type=\"unstyled\" data-block-weight=\"63\" data-block-id=\"18\">\n<p data-track-category=\"Link no Texto\" data-track-links=\"\">&#8220;Infelizmente, a Regina est\u00e1 em S\u00e3o Paulo. Est\u00e1 trabalhando pela internet ali. E eu quero que ela esteja mais pr\u00f3xima. \u00c9 uma excelente pessoa, um bom quadro. \u00c9 tamb\u00e9m uma secretaria que era minist\u00e9rio. Muita gente de esquerda pregando ideologia de g\u00eanero. Essas coisas todas \u00e9 que a sociedade, a massa da popula\u00e7\u00e3o, n\u00e3o admite. Ela tem dificuldade nesse sentido&#8221;, disse o presidente.<\/p>\n<\/div>\n<\/div>\n<\/div>\n","protected":false},"excerpt":{"rendered":"<p>O presidente Jair Bolsonaro anunciou nesta quarta-feira (20) a sa\u00edda da atriz\u00a0Regina Duarte\u00a0do cargo de&#8230;<\/p>\n","protected":false},"author":1,"featured_media":0,"comment_status":"closed","ping_status":"closed","sticky":false,"template":"","format":"standard","meta":{"footnotes":""},"categories":[7,19],"tags":[],"class_list":["post-41462","post","type-post","status-publish","format-standard","hentry","category-cultura","category-politica"],"_links":{"self":[{"href":"https:\/\/www.corumbaonline.com.br\/news\/wp-json\/wp\/v2\/posts\/41462","targetHints":{"allow":["GET"]}}],"collection":[{"href":"https:\/\/www.corumbaonline.com.br\/news\/wp-json\/wp\/v2\/posts"}],"about":[{"href":"https:\/\/www.corumbaonline.com.br\/news\/wp-json\/wp\/v2\/types\/post"}],"author":[{"embeddable":true,"href":"https:\/\/www.corumbaonline.com.br\/news\/wp-json\/wp\/v2\/users\/1"}],"replies":[{"embeddable":true,"href":"https:\/\/www.corumbaonline.com.br\/news\/wp-json\/wp\/v2\/comments?post=41462"}],"version-history":[{"count":1,"href":"https:\/\/www.corumbaonline.com.br\/news\/wp-json\/wp\/v2\/posts\/41462\/revisions"}],"predecessor-version":[{"id":41463,"href":"https:\/\/www.corumbaonline.com.br\/news\/wp-json\/wp\/v2\/posts\/41462\/revisions\/41463"}],"wp:attachment":[{"href":"https:\/\/www.corumbaonline.com.br\/news\/wp-json\/wp\/v2\/media?parent=41462"}],"wp:term":[{"taxonomy":"category","embeddable":true,"href":"https:\/\/www.corumbaonline.com.br\/news\/wp-json\/wp\/v2\/categories?post=41462"},{"taxonomy":"post_tag","embeddable":true,"href":"https:\/\/www.corumbaonline.com.br\/news\/wp-json\/wp\/v2\/tags?post=41462"}],"curies":[{"name":"wp","href":"https:\/\/api.w.org\/{rel}","templated":true}]}}