{"id":41464,"date":"2020-05-20T09:40:00","date_gmt":"2020-05-20T13:40:00","guid":{"rendered":"http:\/\/www.corumbaonline.com.br\/news\/?p=41464"},"modified":"2020-05-20T11:08:20","modified_gmt":"2020-05-20T15:08:20","slug":"restauracao-da-matriz-de-nossa-senhora-da-candelaria-entra-na-reta-final","status":"publish","type":"post","link":"https:\/\/www.corumbaonline.com.br\/news\/restauracao-da-matriz-de-nossa-senhora-da-candelaria-entra-na-reta-final\/","title":{"rendered":"Restaura\u00e7\u00e3o da Matriz de Nossa Senhora da Candel\u00e1ria entra na reta final"},"content":{"rendered":"<p>Com grande parte das interven\u00e7\u00f5es conclu\u00eddas, as obras de restauro e recupera\u00e7\u00e3o da Igreja Matriz\u00a0foram visitadas pelo prefeito Marcelo Iunes na manh\u00e3 da ter\u00e7a-feira, 19 de maio. Com recursos do PAC Cidades Hist\u00f3ricas e contrapartidas da Prefeitura Municipal e Governo do Estado, a Catedral ser\u00e1 totalmente restaurada na parte externa, interna, revestimentos e cobertura do coro.<\/p>\n<p>Acompanhado pelo secret\u00e1rio Municipal de Infraestrutura e Servi\u00e7os P\u00fablicos, Ricardo Ametlla, o prefeito destacou o andamento da obra. \u201cEst\u00e1 com mais de 90% conclu\u00eddo\u201d, salientou Iunes. \u201c\u00c9 uma obra emblem\u00e1tica para a cidade. \u00c9 um importante patrim\u00f4nio do munic\u00edpio que logo estar\u00e1 conclu\u00eddo para entregarmos\u201d, completou o chefe do Executivo corumbaense.<\/p>\n<p>Na visita, o chefe do Executivo corumbaense destacou que as interven\u00e7\u00f5es foram baseadas nas informa\u00e7\u00f5es da pesquisa hist\u00f3rica, prospec\u00e7\u00f5es arquitet\u00f4nicas e pict\u00f3ricas, levantamento f\u00edsico e mapeamento de danos. De acordo com o prefeito, as obras t\u00eam como objetivo a recomposi\u00e7\u00e3o dos espa\u00e7os e materiais e requalifica\u00e7\u00e3o da constru\u00e7\u00e3o. Todo o trabalho visa permitir a apropria\u00e7\u00e3o do espa\u00e7o de acordo com os par\u00e2metros normativos e as necessidades atuais sem desrespeitar as caracter\u00edsticas originais do im\u00f3vel.<\/p>\n<p>A restaura\u00e7\u00e3o e requalifica\u00e7\u00e3o executadas pelo Munic\u00edpio t\u00eam como objetivo principal valorizar a est\u00e9tica original do pr\u00e9dio, mesmo em face de adapta\u00e7\u00f5es e adequa\u00e7\u00f5es de demanda funcional, buscando atend\u00ea-las atrav\u00e9s de decis\u00f5es projetuais que al\u00e9m do restauro e recupera\u00e7\u00e3o dos elementos hist\u00f3ricos, prop\u00f5em interven\u00e7\u00f5es evidentes, por\u00e9m discretas com materiais contempor\u00e2neos que dialogam e se harmonizam com as caracter\u00edsticas do objeto de restauro sem gerar d\u00favidas sobre a \u00e9poca. O Governo do Estado aplicou recursos para restaura\u00e7\u00e3o da parte el\u00e9trica e est\u00e1 prestes a concluir suas a\u00e7\u00f5es. As obras executadas pela Prefeitura est\u00e3o or\u00e7adas em R$ 1.786.064,84.<\/p>\n<p><strong>Patrim\u00f4nio Municipal e Estadual<\/strong><\/p>\n<p>Constru\u00edda por Frei Mariano de Bagnaia no s\u00e9culo 19, a igreja Matriz de Nossa Senhora da Candel\u00e1ria tornou-se patrim\u00f4nio hist\u00f3rico e cultural do munic\u00edpio de Corumb\u00e1 no dia 02 de fevereiro de 2017, por meio do decreto municipal n\u00famero 1.748.<\/p>\n<p>A declara\u00e7\u00e3o, para fins de tombamento, levou em considera\u00e7\u00e3o \u2013 al\u00e9m das caracter\u00edsticas arquitet\u00f4nicas da igreja \u2013 a prote\u00e7\u00e3o do patrim\u00f4nio hist\u00f3rico cultural local; o valor hist\u00f3rico da Catedral para a cidade; o fato de ter sido constru\u00edda em 1885 e ser o templo cat\u00f3lico mais antigo de Mato Grosso do Sul e ainda o fato de Nossa Senhora da Candel\u00e1ria ser padroeira de Corumb\u00e1 e da Diocese.<\/p>\n<p>O pr\u00e9dio da Matriz agrega valor ainda maior a um conjunto arquitet\u00f4nico de muita relev\u00e2ncia. Est\u00e1 inserido num complexo de pr\u00e9dios hist\u00f3ricos formado pela antiga unidade da Casa Mista, do Instituto Luiz de Albuquerque (ILA) e a sede da Pol\u00edcia Federal.<\/p>\n<p>No mesmo ano, a Catedral de Nossa Senhora da Candel\u00e1ria foi reconhecida como Bem do Patrim\u00f4nio Hist\u00f3rico Material de Mato Grosso do Sul. Conforme a publica\u00e7\u00e3o, o Conselho Estadual de Cultura concluiu que a Igreja \u201cest\u00e1 entre as edifica\u00e7\u00f5es de maior express\u00e3o quanto \u00e0 riqueza hist\u00f3rica e arquitet\u00f4nica de Mato Grosso do Sul\u201d.<\/p>\n<p>O pr\u00e9dio, com elementos da arquitetura ecl\u00e9tica, cuja pedra fundamental foi lan\u00e7ada em 1872 pelo pregador imperial e Vig\u00e1rio da Vara, Frei Mariano de Bagnaia, foi inaugurado em 1877. Na igreja fica alojada a padroeira de Corumb\u00e1, Nossa Senhora da Candel\u00e1ria, e em sua constru\u00e7\u00e3o foi encontrado um bras\u00e3o da Coroa Portuguesa. A Catedral est\u00e1 inserida numa regi\u00e3o pr\u00f3xima de outros pr\u00e9dios e monumentos que j\u00e1 tiveram seu valor hist\u00f3rico reconhecido.<\/p>\n<div id=\"gallery-1\" class=\"gallery galleryid-70900 gallery-columns-3 gallery-size-large\">\n<figure class=\"gallery-item\">\n<div class=\"gallery-icon landscape\"><a href=\"https:\/\/www.corumba.ms.gov.br\/fotos\/foto-gisele-ribeiro-50-9\/\"><img loading=\"lazy\" decoding=\"async\" class=\"attachment-large size-large lazyautosizes lazyloaded\" src=\"https:\/\/www.corumba.ms.gov.br\/wp-content\/uploads\/2020\/05\/foto-Gisele-Ribeiro-50-2.jpg\" sizes=\"auto, 227px\" srcset=\"https:\/\/www.corumba.ms.gov.br\/wp-content\/uploads\/2020\/05\/foto-Gisele-Ribeiro-50-2.jpg 1024w, https:\/\/www.corumba.ms.gov.br\/wp-content\/uploads\/2020\/05\/foto-Gisele-Ribeiro-50-2-300x200.jpg 300w, https:\/\/www.corumba.ms.gov.br\/wp-content\/uploads\/2020\/05\/foto-Gisele-Ribeiro-50-2-150x100.jpg 150w, https:\/\/www.corumba.ms.gov.br\/wp-content\/uploads\/2020\/05\/foto-Gisele-Ribeiro-50-2-768x512.jpg 768w, https:\/\/www.corumba.ms.gov.br\/wp-content\/uploads\/2020\/05\/foto-Gisele-Ribeiro-50-2-370x247.jpg 370w, https:\/\/www.corumba.ms.gov.br\/wp-content\/uploads\/2020\/05\/foto-Gisele-Ribeiro-50-2-760x507.jpg 760w\" alt=\"\" width=\"1024\" height=\"683\" aria-describedby=\"gallery-1-70858\" data-src=\"https:\/\/www.corumba.ms.gov.br\/wp-content\/uploads\/2020\/05\/foto-Gisele-Ribeiro-50-2.jpg\" data-srcset=\"https:\/\/www.corumba.ms.gov.br\/wp-content\/uploads\/2020\/05\/foto-Gisele-Ribeiro-50-2.jpg 1024w, https:\/\/www.corumba.ms.gov.br\/wp-content\/uploads\/2020\/05\/foto-Gisele-Ribeiro-50-2-300x200.jpg 300w, https:\/\/www.corumba.ms.gov.br\/wp-content\/uploads\/2020\/05\/foto-Gisele-Ribeiro-50-2-150x100.jpg 150w, https:\/\/www.corumba.ms.gov.br\/wp-content\/uploads\/2020\/05\/foto-Gisele-Ribeiro-50-2-768x512.jpg 768w, https:\/\/www.corumba.ms.gov.br\/wp-content\/uploads\/2020\/05\/foto-Gisele-Ribeiro-50-2-370x247.jpg 370w, https:\/\/www.corumba.ms.gov.br\/wp-content\/uploads\/2020\/05\/foto-Gisele-Ribeiro-50-2-760x507.jpg 760w\" data-sizes=\"auto\" \/><\/a><\/div><figcaption id=\"gallery-1-70858\" class=\"wp-caption-text gallery-caption\">Catedral ser\u00e1 totalmente restaurada na parte externa, interna, revestimentos e cobertura do coro (Foto: Gisele Ribeiro\/PMC)<\/figcaption><\/figure>\n<figure class=\"gallery-item\">\n<div class=\"gallery-icon landscape\"><a href=\"https:\/\/www.corumba.ms.gov.br\/fotos\/foto-gisele-ribeiro-58-5\/\"><img loading=\"lazy\" decoding=\"async\" class=\"attachment-large size-large lazyautosizes lazyloaded\" src=\"https:\/\/www.corumba.ms.gov.br\/wp-content\/uploads\/2020\/05\/foto-Gisele-Ribeiro-58-1.jpg\" sizes=\"auto, 227px\" srcset=\"https:\/\/www.corumba.ms.gov.br\/wp-content\/uploads\/2020\/05\/foto-Gisele-Ribeiro-58-1.jpg 1024w, https:\/\/www.corumba.ms.gov.br\/wp-content\/uploads\/2020\/05\/foto-Gisele-Ribeiro-58-1-300x200.jpg 300w, https:\/\/www.corumba.ms.gov.br\/wp-content\/uploads\/2020\/05\/foto-Gisele-Ribeiro-58-1-150x100.jpg 150w, https:\/\/www.corumba.ms.gov.br\/wp-content\/uploads\/2020\/05\/foto-Gisele-Ribeiro-58-1-768x512.jpg 768w, https:\/\/www.corumba.ms.gov.br\/wp-content\/uploads\/2020\/05\/foto-Gisele-Ribeiro-58-1-370x247.jpg 370w, https:\/\/www.corumba.ms.gov.br\/wp-content\/uploads\/2020\/05\/foto-Gisele-Ribeiro-58-1-760x507.jpg 760w\" alt=\"\" width=\"1024\" height=\"683\" aria-describedby=\"gallery-1-70863\" data-src=\"https:\/\/www.corumba.ms.gov.br\/wp-content\/uploads\/2020\/05\/foto-Gisele-Ribeiro-58-1.jpg\" data-srcset=\"https:\/\/www.corumba.ms.gov.br\/wp-content\/uploads\/2020\/05\/foto-Gisele-Ribeiro-58-1.jpg 1024w, https:\/\/www.corumba.ms.gov.br\/wp-content\/uploads\/2020\/05\/foto-Gisele-Ribeiro-58-1-300x200.jpg 300w, https:\/\/www.corumba.ms.gov.br\/wp-content\/uploads\/2020\/05\/foto-Gisele-Ribeiro-58-1-150x100.jpg 150w, https:\/\/www.corumba.ms.gov.br\/wp-content\/uploads\/2020\/05\/foto-Gisele-Ribeiro-58-1-768x512.jpg 768w, https:\/\/www.corumba.ms.gov.br\/wp-content\/uploads\/2020\/05\/foto-Gisele-Ribeiro-58-1-370x247.jpg 370w, https:\/\/www.corumba.ms.gov.br\/wp-content\/uploads\/2020\/05\/foto-Gisele-Ribeiro-58-1-760x507.jpg 760w\" data-sizes=\"auto\" \/><\/a><\/div><figcaption id=\"gallery-1-70863\" class=\"wp-caption-text gallery-caption\">Catedral ser\u00e1 totalmente restaurada na parte externa, interna, revestimentos e cobertura do coro (Foto: Gisele Ribeiro\/PMC)<\/figcaption><\/figure>\n<figure class=\"gallery-item\">\n<div class=\"gallery-icon landscape\"><a href=\"https:\/\/www.corumba.ms.gov.br\/fotos\/foto-gisele-ribeiro-65-8\/\"><img loading=\"lazy\" decoding=\"async\" class=\"attachment-large size-large lazyautosizes lazyloaded\" src=\"https:\/\/www.corumba.ms.gov.br\/wp-content\/uploads\/2020\/05\/foto-Gisele-Ribeiro-65-1.jpg\" sizes=\"auto, 227px\" srcset=\"https:\/\/www.corumba.ms.gov.br\/wp-content\/uploads\/2020\/05\/foto-Gisele-Ribeiro-65-1.jpg 1024w, https:\/\/www.corumba.ms.gov.br\/wp-content\/uploads\/2020\/05\/foto-Gisele-Ribeiro-65-1-300x200.jpg 300w, https:\/\/www.corumba.ms.gov.br\/wp-content\/uploads\/2020\/05\/foto-Gisele-Ribeiro-65-1-150x100.jpg 150w, https:\/\/www.corumba.ms.gov.br\/wp-content\/uploads\/2020\/05\/foto-Gisele-Ribeiro-65-1-768x512.jpg 768w, https:\/\/www.corumba.ms.gov.br\/wp-content\/uploads\/2020\/05\/foto-Gisele-Ribeiro-65-1-370x247.jpg 370w, https:\/\/www.corumba.ms.gov.br\/wp-content\/uploads\/2020\/05\/foto-Gisele-Ribeiro-65-1-760x507.jpg 760w\" alt=\"\" width=\"1024\" height=\"683\" aria-describedby=\"gallery-1-70868\" data-src=\"https:\/\/www.corumba.ms.gov.br\/wp-content\/uploads\/2020\/05\/foto-Gisele-Ribeiro-65-1.jpg\" data-srcset=\"https:\/\/www.corumba.ms.gov.br\/wp-content\/uploads\/2020\/05\/foto-Gisele-Ribeiro-65-1.jpg 1024w, https:\/\/www.corumba.ms.gov.br\/wp-content\/uploads\/2020\/05\/foto-Gisele-Ribeiro-65-1-300x200.jpg 300w, https:\/\/www.corumba.ms.gov.br\/wp-content\/uploads\/2020\/05\/foto-Gisele-Ribeiro-65-1-150x100.jpg 150w, https:\/\/www.corumba.ms.gov.br\/wp-content\/uploads\/2020\/05\/foto-Gisele-Ribeiro-65-1-768x512.jpg 768w, https:\/\/www.corumba.ms.gov.br\/wp-content\/uploads\/2020\/05\/foto-Gisele-Ribeiro-65-1-370x247.jpg 370w, https:\/\/www.corumba.ms.gov.br\/wp-content\/uploads\/2020\/05\/foto-Gisele-Ribeiro-65-1-760x507.jpg 760w\" data-sizes=\"auto\" \/><\/a><\/div><figcaption id=\"gallery-1-70868\" class=\"wp-caption-text gallery-caption\">Catedral ser\u00e1 totalmente restaurada na parte externa, interna, revestimentos e cobertura do coro (Foto: Gisele Ribeiro\/PMC)<\/figcaption><\/figure>\n<figure class=\"gallery-item\">\n<div class=\"gallery-icon landscape\"><a href=\"https:\/\/www.corumba.ms.gov.br\/fotos\/foto-gisele-ribeiro-48-12\/\"><img loading=\"lazy\" decoding=\"async\" class=\"attachment-large size-large lazyautosizes lazyloaded\" src=\"https:\/\/www.corumba.ms.gov.br\/wp-content\/uploads\/2020\/05\/foto-Gisele-Ribeiro-48-3.jpg\" sizes=\"auto, 227px\" srcset=\"https:\/\/www.corumba.ms.gov.br\/wp-content\/uploads\/2020\/05\/foto-Gisele-Ribeiro-48-3.jpg 1024w, https:\/\/www.corumba.ms.gov.br\/wp-content\/uploads\/2020\/05\/foto-Gisele-Ribeiro-48-3-300x200.jpg 300w, https:\/\/www.corumba.ms.gov.br\/wp-content\/uploads\/2020\/05\/foto-Gisele-Ribeiro-48-3-150x100.jpg 150w, https:\/\/www.corumba.ms.gov.br\/wp-content\/uploads\/2020\/05\/foto-Gisele-Ribeiro-48-3-768x512.jpg 768w, https:\/\/www.corumba.ms.gov.br\/wp-content\/uploads\/2020\/05\/foto-Gisele-Ribeiro-48-3-370x247.jpg 370w, https:\/\/www.corumba.ms.gov.br\/wp-content\/uploads\/2020\/05\/foto-Gisele-Ribeiro-48-3-760x507.jpg 760w\" alt=\"\" width=\"1024\" height=\"683\" aria-describedby=\"gallery-1-70857\" data-src=\"https:\/\/www.corumba.ms.gov.br\/wp-content\/uploads\/2020\/05\/foto-Gisele-Ribeiro-48-3.jpg\" data-srcset=\"https:\/\/www.corumba.ms.gov.br\/wp-content\/uploads\/2020\/05\/foto-Gisele-Ribeiro-48-3.jpg 1024w, https:\/\/www.corumba.ms.gov.br\/wp-content\/uploads\/2020\/05\/foto-Gisele-Ribeiro-48-3-300x200.jpg 300w, https:\/\/www.corumba.ms.gov.br\/wp-content\/uploads\/2020\/05\/foto-Gisele-Ribeiro-48-3-150x100.jpg 150w, https:\/\/www.corumba.ms.gov.br\/wp-content\/uploads\/2020\/05\/foto-Gisele-Ribeiro-48-3-768x512.jpg 768w, https:\/\/www.corumba.ms.gov.br\/wp-content\/uploads\/2020\/05\/foto-Gisele-Ribeiro-48-3-370x247.jpg 370w, https:\/\/www.corumba.ms.gov.br\/wp-content\/uploads\/2020\/05\/foto-Gisele-Ribeiro-48-3-760x507.jpg 760w\" data-sizes=\"auto\" \/><\/a><\/div><figcaption id=\"gallery-1-70857\" class=\"wp-caption-text gallery-caption\">Catedral ser\u00e1 totalmente restaurada na parte externa, interna, revestimentos e cobertura do coro (Foto: Gisele Ribeiro\/PMC)<\/figcaption><\/figure>\n<figure class=\"gallery-item\">\n<div class=\"gallery-icon landscape\"><a href=\"https:\/\/www.corumba.ms.gov.br\/fotos\/foto-gisele-ribeiro-62-5\/\"><img loading=\"lazy\" decoding=\"async\" class=\"attachment-large size-large lazyautosizes lazyloaded\" src=\"https:\/\/www.corumba.ms.gov.br\/wp-content\/uploads\/2020\/05\/foto-Gisele-Ribeiro-62.jpg\" sizes=\"auto, 227px\" srcset=\"https:\/\/www.corumba.ms.gov.br\/wp-content\/uploads\/2020\/05\/foto-Gisele-Ribeiro-62.jpg 1024w, https:\/\/www.corumba.ms.gov.br\/wp-content\/uploads\/2020\/05\/foto-Gisele-Ribeiro-62-300x200.jpg 300w, https:\/\/www.corumba.ms.gov.br\/wp-content\/uploads\/2020\/05\/foto-Gisele-Ribeiro-62-150x100.jpg 150w, https:\/\/www.corumba.ms.gov.br\/wp-content\/uploads\/2020\/05\/foto-Gisele-Ribeiro-62-768x512.jpg 768w, https:\/\/www.corumba.ms.gov.br\/wp-content\/uploads\/2020\/05\/foto-Gisele-Ribeiro-62-370x247.jpg 370w, https:\/\/www.corumba.ms.gov.br\/wp-content\/uploads\/2020\/05\/foto-Gisele-Ribeiro-62-760x507.jpg 760w\" alt=\"\" width=\"1024\" height=\"683\" aria-describedby=\"gallery-1-70865\" data-src=\"https:\/\/www.corumba.ms.gov.br\/wp-content\/uploads\/2020\/05\/foto-Gisele-Ribeiro-62.jpg\" data-srcset=\"https:\/\/www.corumba.ms.gov.br\/wp-content\/uploads\/2020\/05\/foto-Gisele-Ribeiro-62.jpg 1024w, https:\/\/www.corumba.ms.gov.br\/wp-content\/uploads\/2020\/05\/foto-Gisele-Ribeiro-62-300x200.jpg 300w, https:\/\/www.corumba.ms.gov.br\/wp-content\/uploads\/2020\/05\/foto-Gisele-Ribeiro-62-150x100.jpg 150w, https:\/\/www.corumba.ms.gov.br\/wp-content\/uploads\/2020\/05\/foto-Gisele-Ribeiro-62-768x512.jpg 768w, https:\/\/www.corumba.ms.gov.br\/wp-content\/uploads\/2020\/05\/foto-Gisele-Ribeiro-62-370x247.jpg 370w, https:\/\/www.corumba.ms.gov.br\/wp-content\/uploads\/2020\/05\/foto-Gisele-Ribeiro-62-760x507.jpg 760w\" data-sizes=\"auto\" \/><\/a><\/div><figcaption id=\"gallery-1-70865\" class=\"wp-caption-text gallery-caption\">Catedral ser\u00e1 totalmente restaurada na parte externa, interna, revestimentos e cobertura do coro (Foto: Gisele Ribeiro\/PMC)<\/figcaption><\/figure>\n<\/div>\n","protected":false},"excerpt":{"rendered":"<p>Com grande parte das interven\u00e7\u00f5es conclu\u00eddas, as obras de restauro e recupera\u00e7\u00e3o da Igreja Matriz\u00a0foram&#8230;<\/p>\n","protected":false},"author":1,"featured_media":41465,"comment_status":"closed","ping_status":"closed","sticky":false,"template":"","format":"standard","meta":{"footnotes":""},"categories":[8,14],"tags":[],"class_list":["post-41464","post","type-post","status-publish","format-standard","has-post-thumbnail","hentry","category-destaque","category-geral"],"_links":{"self":[{"href":"https:\/\/www.corumbaonline.com.br\/news\/wp-json\/wp\/v2\/posts\/41464","targetHints":{"allow":["GET"]}}],"collection":[{"href":"https:\/\/www.corumbaonline.com.br\/news\/wp-json\/wp\/v2\/posts"}],"about":[{"href":"https:\/\/www.corumbaonline.com.br\/news\/wp-json\/wp\/v2\/types\/post"}],"author":[{"embeddable":true,"href":"https:\/\/www.corumbaonline.com.br\/news\/wp-json\/wp\/v2\/users\/1"}],"replies":[{"embeddable":true,"href":"https:\/\/www.corumbaonline.com.br\/news\/wp-json\/wp\/v2\/comments?post=41464"}],"version-history":[{"count":1,"href":"https:\/\/www.corumbaonline.com.br\/news\/wp-json\/wp\/v2\/posts\/41464\/revisions"}],"predecessor-version":[{"id":41466,"href":"https:\/\/www.corumbaonline.com.br\/news\/wp-json\/wp\/v2\/posts\/41464\/revisions\/41466"}],"wp:featuredmedia":[{"embeddable":true,"href":"https:\/\/www.corumbaonline.com.br\/news\/wp-json\/wp\/v2\/media\/41465"}],"wp:attachment":[{"href":"https:\/\/www.corumbaonline.com.br\/news\/wp-json\/wp\/v2\/media?parent=41464"}],"wp:term":[{"taxonomy":"category","embeddable":true,"href":"https:\/\/www.corumbaonline.com.br\/news\/wp-json\/wp\/v2\/categories?post=41464"},{"taxonomy":"post_tag","embeddable":true,"href":"https:\/\/www.corumbaonline.com.br\/news\/wp-json\/wp\/v2\/tags?post=41464"}],"curies":[{"name":"wp","href":"https:\/\/api.w.org\/{rel}","templated":true}]}}