{"id":41469,"date":"2020-05-20T10:04:00","date_gmt":"2020-05-20T14:04:00","guid":{"rendered":"http:\/\/www.corumbaonline.com.br\/news\/?p=41469"},"modified":"2020-05-20T11:35:36","modified_gmt":"2020-05-20T15:35:36","slug":"secretaria-de-saude-anuncia-17o-obito-por-coronavirus-em-mato-grosso-do-sul","status":"publish","type":"post","link":"https:\/\/www.corumbaonline.com.br\/news\/secretaria-de-saude-anuncia-17o-obito-por-coronavirus-em-mato-grosso-do-sul\/","title":{"rendered":"Secretaria de Sa\u00fade anuncia 17\u00ba \u00f3bito por coronav\u00edrus em Mato Grosso do Sul"},"content":{"rendered":"<p>A Secretaria de Estado de Sa\u00fade anuncia o registro de mais um \u00f3bito por coronav\u00edrus em Mato Grosso do Sul, nesta quarta-feira (20.05). Com isso, o Estado contabiliza 17 v\u00edtimas fatais da doen\u00e7a.<\/p>\n<p>A 17\u00aa v\u00edtima era do sexo feminino, tinha 83 anos, residente de Campo Grande\u00a0sem hist\u00f3rico de v\u00ednculo com caso confirmado ou hist\u00f3ria de viagem.\u00a0Iniciou sintomas em 03 de maio, com relatos de tosse, dor de garganta, desconforto respirat\u00f3rio. A paciente foi internada em Hospital particular da Capital em 06 de maio com S\u00edndrome Respirat\u00f3ria Aguda Grave (Srag). Em 10 de maio, a paciente foi transferida para UTI, onde foi intubada, permanecendo em ventila\u00e7\u00e3o mec\u00e2nica.<\/p>\n<p>Segundo informa\u00e7\u00f5es da avalia\u00e7\u00e3o m\u00e9dica, paciente em choque s\u00e9ptico sem melhora a mais de 24 horas e avalia\u00e7\u00e3o de enzimas card\u00edacas com grave repercuss\u00e3o hemodin\u00e2mica, sendo constatado Infarto Agudo do Mioc\u00e1rdio (IAM). \u00d3bito registrado por volta da 1h40 desta quarta-feira, 20 de maio.<\/p>\n<p>Sendo assim, em Mato Grosso do Sul contabilizam-se 6 \u00f3bitos em Campo Grande, 4 em Tr\u00eas Lagoas, 2 em Bataypor\u00e3, 1 em Parana\u00edba, 1 em Vicentina, 1 douradense que morreu em Tocantins e 2 \u00f3bitos de Brasil\u00e2ndia.<\/p>\n<p>Mato Grosso do Sul tem, atualmente, 642 casos confirmados de coronav\u00edrus, segundo o \u00faltimo boletim epidemiol\u00f3gico.<\/p>\n","protected":false},"excerpt":{"rendered":"<p>A Secretaria de Estado de Sa\u00fade anuncia o registro de mais um \u00f3bito por coronav\u00edrus&#8230;<\/p>\n","protected":false},"author":1,"featured_media":0,"comment_status":"closed","ping_status":"closed","sticky":false,"template":"","format":"standard","meta":{"footnotes":""},"categories":[21],"tags":[],"class_list":["post-41469","post","type-post","status-publish","format-standard","hentry","category-saude"],"_links":{"self":[{"href":"https:\/\/www.corumbaonline.com.br\/news\/wp-json\/wp\/v2\/posts\/41469","targetHints":{"allow":["GET"]}}],"collection":[{"href":"https:\/\/www.corumbaonline.com.br\/news\/wp-json\/wp\/v2\/posts"}],"about":[{"href":"https:\/\/www.corumbaonline.com.br\/news\/wp-json\/wp\/v2\/types\/post"}],"author":[{"embeddable":true,"href":"https:\/\/www.corumbaonline.com.br\/news\/wp-json\/wp\/v2\/users\/1"}],"replies":[{"embeddable":true,"href":"https:\/\/www.corumbaonline.com.br\/news\/wp-json\/wp\/v2\/comments?post=41469"}],"version-history":[{"count":1,"href":"https:\/\/www.corumbaonline.com.br\/news\/wp-json\/wp\/v2\/posts\/41469\/revisions"}],"predecessor-version":[{"id":41470,"href":"https:\/\/www.corumbaonline.com.br\/news\/wp-json\/wp\/v2\/posts\/41469\/revisions\/41470"}],"wp:attachment":[{"href":"https:\/\/www.corumbaonline.com.br\/news\/wp-json\/wp\/v2\/media?parent=41469"}],"wp:term":[{"taxonomy":"category","embeddable":true,"href":"https:\/\/www.corumbaonline.com.br\/news\/wp-json\/wp\/v2\/categories?post=41469"},{"taxonomy":"post_tag","embeddable":true,"href":"https:\/\/www.corumbaonline.com.br\/news\/wp-json\/wp\/v2\/tags?post=41469"}],"curies":[{"name":"wp","href":"https:\/\/api.w.org\/{rel}","templated":true}]}}