{"id":41504,"date":"2020-05-21T08:53:00","date_gmt":"2020-05-21T12:53:00","guid":{"rendered":"http:\/\/www.corumbaonline.com.br\/news\/?p=41504"},"modified":"2020-05-21T09:40:28","modified_gmt":"2020-05-21T13:40:28","slug":"combate-ao-coronavirus-secretaria-de-saude-orienta-o-uso-correto-de-mascaras","status":"publish","type":"post","link":"https:\/\/www.corumbaonline.com.br\/news\/combate-ao-coronavirus-secretaria-de-saude-orienta-o-uso-correto-de-mascaras\/","title":{"rendered":"Combate ao coronav\u00edrus: Secretaria de Sa\u00fade orienta o uso correto de m\u00e1scaras"},"content":{"rendered":"<p>O uso de m\u00e1scaras, tanto as descart\u00e1veis como as de tecido, caseiras ou industrializadas, tem sido um grande aliado no combate ao coronav\u00edrus. Orientado pelo Minist\u00e9rio da Sa\u00fade, a popula\u00e7\u00e3o tem aderido e em algumas cidades, como em Campo Grande, a utiliza\u00e7\u00e3o \u00e9 obrigat\u00f3ria, por exemplo, nos transportes coletivos.<\/p>\n<p>Por\u00e9m, para uma maior efetividade na utiliza\u00e7\u00e3o da m\u00e1scara \u00e9 preciso saber usar o produto de forma correta. \u201cPrecisamos estar com as m\u00e3os limpas ao manuse\u00e1-las seja na hora de colocar, seja na hora de retirar, \u00e9 preciso pegar a m\u00e1scara pelo el\u00e1stico ou pelo la\u00e7o e nunca pela parte da frente, para n\u00e3o corrermos o risco de contaminar o material\u201d, ensina a secret\u00e1ria adjunta de Sa\u00fade, Christine Maymone.<\/p>\n<div id=\"attachment_306323\" class=\"wp-caption alignright\">\n<figure id=\"attachment_306323\" aria-describedby=\"caption-attachment-306323\" style=\"width: 300px\" class=\"wp-caption alignright\"><img loading=\"lazy\" decoding=\"async\" class=\"wp-image-306323 size-medium\" src=\"http:\/\/www.ms.gov.br\/wp-content\/uploads\/sites\/150\/2020\/05\/Live-15.05.20-Foto-Chico-Ribeiro-31-300x166.jpg\" sizes=\"auto, (max-width: 300px) 100vw, 300px\" srcset=\"http:\/\/www.ms.gov.br\/wp-content\/uploads\/sites\/150\/2020\/05\/Live-15.05.20-Foto-Chico-Ribeiro-31-300x166.jpg 300w, http:\/\/www.ms.gov.br\/wp-content\/uploads\/sites\/150\/2020\/05\/Live-15.05.20-Foto-Chico-Ribeiro-31.jpg 672w\" alt=\"\" width=\"300\" height=\"166\" \/><figcaption id=\"caption-attachment-306323\" class=\"wp-caption-text\">Mais importante do que ter uma m\u00e1scara, \u00e9 saber us\u00e1-la \u2013 orienta Christine Maymone<\/figcaption><\/figure>\n<\/div>\n<p>Segundo a especialista, antes de mais nada \u00e9 importante que ao colocar as m\u00e1scaras as m\u00e3os sejam devidamente higienizadas. \u201cTire todos os an\u00e9is, acess\u00f3rios, pulseiras, lave as m\u00e3os com \u00e1gua e sab\u00e3o e na aus\u00eancia desse recurso, utilize o \u00e1lcool em gel. Utilize o tempo necess\u00e1rio e ao colocar pegue a m\u00e1scara pela parte externa\u201d.<\/p>\n<p>O tempo m\u00e9dio de uso \u00e9 de 2 a 3 horas e a m\u00e1scara precisa ser trocada se estiver apresentando umidade. \u201cMais importante do que ter uma m\u00e1scara \u00e9 saber us\u00e1-la. Quando eu uso a m\u00e1scara, eu protejo o outro e quando voc\u00ea usa a m\u00e1scara, voc\u00ea me protege. \u00c9 uma barreira. Com isso, podemos salvar vidas\u201d, aconselha Christine.<\/p>\n<p><strong>Seguem mais orienta\u00e7\u00f5es do Minist\u00e9rio da Sa\u00fade:<\/strong><\/p>\n<ul>\n<li>Remova a m\u00e1scara pegando pelo el\u00e1stico ou la\u00e7o da parte traseira, evitando tocar na parte da frente \u2013 que pode estar contaminada<\/li>\n<li>Fa\u00e7a a imers\u00e3o da m\u00e1scara em recipiente com \u00e1gua pot\u00e1vel e \u00e1gua sanit\u00e1ria (2,0 a 2,5%) por 30 minutos. A propor\u00e7\u00e3o de dilui\u00e7\u00e3o a ser utilizada \u00e9 de 1 parte de \u00e1gua sanit\u00e1ria para 50 partes de \u00e1gua (por exemplo: 10 ml de \u00e1gua sanit\u00e1ria para 500 ml de \u00e1gua pot\u00e1vel)<\/li>\n<li>Lave a m\u00e1scara usando \u00e1gua e sab\u00e3o e fa\u00e7a o enx\u00e1gue em \u00e1gua corrente<\/li>\n<li>A m\u00e1scara de tecido tem efetividade por at\u00e9 2 horas de uso, devendo ser trocada depois desse per\u00edodo devido \u00e0 umidade natural produzida pela pr\u00f3pria respira\u00e7\u00e3o<\/li>\n<\/ul>\n<p>\u00c9 importante ressaltar que apesar do papel ben\u00e9fico das m\u00e1scaras para controlar a dissemina\u00e7\u00e3o viral, a recomenda\u00e7\u00e3o de uso n\u00e3o substitui a orienta\u00e7\u00e3o de distanciamento f\u00edsico e a de lavar as m\u00e3os v\u00e1rias vezes ao dia. \u00c9 uma recomenda\u00e7\u00e3o a mais. A m\u00e1scara de pano \u00e9 apenas uma alternativa para reduzir o impacto de sa\u00eddas extremamente necess\u00e1rias.<\/p>\n","protected":false},"excerpt":{"rendered":"<p>O uso de m\u00e1scaras, tanto as descart\u00e1veis como as de tecido, caseiras ou industrializadas, tem&#8230;<\/p>\n","protected":false},"author":1,"featured_media":0,"comment_status":"closed","ping_status":"closed","sticky":false,"template":"","format":"standard","meta":{"footnotes":""},"categories":[21],"tags":[],"class_list":["post-41504","post","type-post","status-publish","format-standard","hentry","category-saude"],"_links":{"self":[{"href":"https:\/\/www.corumbaonline.com.br\/news\/wp-json\/wp\/v2\/posts\/41504","targetHints":{"allow":["GET"]}}],"collection":[{"href":"https:\/\/www.corumbaonline.com.br\/news\/wp-json\/wp\/v2\/posts"}],"about":[{"href":"https:\/\/www.corumbaonline.com.br\/news\/wp-json\/wp\/v2\/types\/post"}],"author":[{"embeddable":true,"href":"https:\/\/www.corumbaonline.com.br\/news\/wp-json\/wp\/v2\/users\/1"}],"replies":[{"embeddable":true,"href":"https:\/\/www.corumbaonline.com.br\/news\/wp-json\/wp\/v2\/comments?post=41504"}],"version-history":[{"count":2,"href":"https:\/\/www.corumbaonline.com.br\/news\/wp-json\/wp\/v2\/posts\/41504\/revisions"}],"predecessor-version":[{"id":41510,"href":"https:\/\/www.corumbaonline.com.br\/news\/wp-json\/wp\/v2\/posts\/41504\/revisions\/41510"}],"wp:attachment":[{"href":"https:\/\/www.corumbaonline.com.br\/news\/wp-json\/wp\/v2\/media?parent=41504"}],"wp:term":[{"taxonomy":"category","embeddable":true,"href":"https:\/\/www.corumbaonline.com.br\/news\/wp-json\/wp\/v2\/categories?post=41504"},{"taxonomy":"post_tag","embeddable":true,"href":"https:\/\/www.corumbaonline.com.br\/news\/wp-json\/wp\/v2\/tags?post=41504"}],"curies":[{"name":"wp","href":"https:\/\/api.w.org\/{rel}","templated":true}]}}