{"id":41559,"date":"2020-05-23T10:37:00","date_gmt":"2020-05-23T14:37:00","guid":{"rendered":"http:\/\/www.corumbaonline.com.br\/news\/?p=41559"},"modified":"2020-05-23T11:39:27","modified_gmt":"2020-05-23T15:39:27","slug":"ao-deixar-o-comando-da-pm-coronel-waldir-acosta-destaca-a-reducao-no-indice-de-criminalidade-na-sua-gestao","status":"publish","type":"post","link":"https:\/\/www.corumbaonline.com.br\/news\/ao-deixar-o-comando-da-pm-coronel-waldir-acosta-destaca-a-reducao-no-indice-de-criminalidade-na-sua-gestao\/","title":{"rendered":"Ao deixar o comando da PM, coronel Waldir Acosta destaca a redu\u00e7\u00e3o no \u00edndice de criminalidade na sua gest\u00e3o"},"content":{"rendered":"<p>O coronel Marcos Paulo Gimenez, de 46 anos, assumiu do coronel Waldir Ribeiro Acosta, de 56 anos, o Comando-Geral da Pol\u00edcia Militar de Mato Grosso do Sul nesta sexta-feira (22). A cerim\u00f4nia da passagem de comando ocorreu \u00e0s portas fechadas em raz\u00e3o da pandemia do Covid-19. Durante o discurso de despedida, Acosta destacou que um dos seus maiores marcos durante os tr\u00eas anos \u00e0 frente da PM foi a redu\u00e7\u00e3o do \u00edndice de crimes no Estado.<\/p>\n<p>\u201cConseguimos fazer a redu\u00e7\u00e3o criminal que \u00e9 muito importante para a nossa sociedade. De 2018, dos 12 itens aferidos, 11 tiveram redu\u00e7\u00e3o criminal. Em 2019, de 12 itens aferidos, 12 tiveram redu\u00e7\u00e3o. Tudo isso, ocorreu gra\u00e7as ao trabalho em conjunto da Pol\u00edcia Militar e da Pol\u00edcia Civil com apoio dos Corpo de Bombeiros Militar. \u00c9 um trabalho em conjunto da Sejusp e da PM, dos policiais que est\u00e3o na linha de frente fazendo a diferen\u00e7a diuturnamente\u201d, pontuou o agora, ex-comandante-geral da PM que segue para a reserva.<\/p>\n<p>Coronel Waldir ainda fez quest\u00e3o de falar sobre a transpar\u00eancia na corpora\u00e7\u00e3o e do o apoio que sempre teve\u00a0do Grupo de Atua\u00e7\u00e3o Especial de Repress\u00e3o ao Crime Organizado (Gaeco). \u201cTivemos o fortalecimento da nossa Rela\u00e7\u00f5es P\u00fablicas, PM5, da Corregedoria da corpora\u00e7\u00e3o e da Ouvidoria\u201d. O oficial enfatizou tamb\u00e9m o sucesso nas opera\u00e7\u00f5es, que resultaram no \u201caumento nas pris\u00f5es, recordes de apreens\u00f5es de drogas, contrabando e descaminho e, principalmente, no contrabando de cigarros\u201d.<\/p>\n<p>Representando o governador do Estado, Reinaldo Azambuja, o secret\u00e1rio de Estado de Justi\u00e7a e Seguran\u00e7a P\u00fablica (Sejusp), Antonio Carlos Videira, destacou o compromisso do ex-comandante com Mato Grosso do Sul. \u201cTenho certeza que voc\u00ea teve muitos desafios, mas o compromisso que teve com a tropa mostrou capacidade para conduzir de forma t\u00e9cnica, os trabalhos da seguran\u00e7a p\u00fablica do Mato Grosso do Sul. Tem a minha gratid\u00e3o por tudo que fez pela nossa popula\u00e7\u00e3o, principalmente, pelo seu trabalho que teve muito suor e muita dor, mas manteve sempre o compromisso, sobretudo com a fam\u00edlia sul-mato-grossense\u201d.<\/p>\n<p><img loading=\"lazy\" decoding=\"async\" class=\"wp-image-307213 alignnone\" src=\"http:\/\/www.ms.gov.br\/wp-content\/uploads\/sites\/150\/2020\/05\/Foto-Saul-Schramm-12-2-1024x567.jpg\" sizes=\"auto, (max-width: 538px) 100vw, 538px\" srcset=\"http:\/\/www.ms.gov.br\/wp-content\/uploads\/sites\/150\/2020\/05\/Foto-Saul-Schramm-12-2-1024x567.jpg 1024w, http:\/\/www.ms.gov.br\/wp-content\/uploads\/sites\/150\/2020\/05\/Foto-Saul-Schramm-12-2-300x166.jpg 300w, http:\/\/www.ms.gov.br\/wp-content\/uploads\/sites\/150\/2020\/05\/Foto-Saul-Schramm-12-2-768x425.jpg 768w\" alt=\"\" width=\"538\" height=\"298\" \/><\/p>\n<p>Mesmo n\u00e3o estando presente, em raz\u00e3o da pandemia do Covid-19, o governador Reinaldo Azambuja enviou v\u00eddeo ao qual agradeceu os bons resultados conquistados pelos servidores da Seguran\u00e7a P\u00fablica e fez um agradecimento especial ao coronel Waldir Ribeiro Acosta. \u201cQuero agradecer a voc\u00ea, Waldir, a toda a sua equipe, aos seus colaboradores que trabalharam com voc\u00ea durante esse longo per\u00edodo, principalmente pela seriedade na condu\u00e7\u00e3o dos trabalhos, pela responsabilidade e principalmente pelos bons resultados que todos n\u00f3s colhemos\u201d.<\/p>\n<p>Reinaldo Azambuja deu boas-vindas ao novo comandante-geral da PM, coronel Marcos Paulo, e destacou que ele, junto com a sua nova equipe constitu\u00edda, \u201ccontinue mantendo os bons n\u00edveis que n\u00f3s tivemos e aprimorando para que n\u00f3s, com certeza, possamos ter uma das melhores seguran\u00e7as p\u00fablicas de todo o Brasil\u201d.<\/p>\n<p>Tamb\u00e9m nesta sexta-feira, o coronel Renato dos Anjos Garnes foi nomeado subcomandante-geral da PM, substituindo o coronel Edmilson Lopes da Cunha, que ocupava o cargo na gest\u00e3o do coronel Waldir Acosta.<\/p>\n<p>O evento foi transmitido via internet, por meio de Live via Facebook e Instagram, al\u00e9m de link no site da Sejusp. Em raz\u00e3o da pandemia do Covid-19, o evento obedeceu a todos os protocolos de seguran\u00e7a e \u00e0s normas estabelecidas pela OMS e pela Secretaria de Estado de Sa\u00fade.<\/p>\n","protected":false},"excerpt":{"rendered":"<p>O coronel Marcos Paulo Gimenez, de 46 anos, assumiu do coronel Waldir Ribeiro Acosta, de&#8230;<\/p>\n","protected":false},"author":1,"featured_media":41560,"comment_status":"closed","ping_status":"closed","sticky":false,"template":"","format":"standard","meta":{"footnotes":""},"categories":[19,18],"tags":[],"class_list":["post-41559","post","type-post","status-publish","format-standard","has-post-thumbnail","hentry","category-politica","category-seguranca"],"_links":{"self":[{"href":"https:\/\/www.corumbaonline.com.br\/news\/wp-json\/wp\/v2\/posts\/41559","targetHints":{"allow":["GET"]}}],"collection":[{"href":"https:\/\/www.corumbaonline.com.br\/news\/wp-json\/wp\/v2\/posts"}],"about":[{"href":"https:\/\/www.corumbaonline.com.br\/news\/wp-json\/wp\/v2\/types\/post"}],"author":[{"embeddable":true,"href":"https:\/\/www.corumbaonline.com.br\/news\/wp-json\/wp\/v2\/users\/1"}],"replies":[{"embeddable":true,"href":"https:\/\/www.corumbaonline.com.br\/news\/wp-json\/wp\/v2\/comments?post=41559"}],"version-history":[{"count":1,"href":"https:\/\/www.corumbaonline.com.br\/news\/wp-json\/wp\/v2\/posts\/41559\/revisions"}],"predecessor-version":[{"id":41561,"href":"https:\/\/www.corumbaonline.com.br\/news\/wp-json\/wp\/v2\/posts\/41559\/revisions\/41561"}],"wp:featuredmedia":[{"embeddable":true,"href":"https:\/\/www.corumbaonline.com.br\/news\/wp-json\/wp\/v2\/media\/41560"}],"wp:attachment":[{"href":"https:\/\/www.corumbaonline.com.br\/news\/wp-json\/wp\/v2\/media?parent=41559"}],"wp:term":[{"taxonomy":"category","embeddable":true,"href":"https:\/\/www.corumbaonline.com.br\/news\/wp-json\/wp\/v2\/categories?post=41559"},{"taxonomy":"post_tag","embeddable":true,"href":"https:\/\/www.corumbaonline.com.br\/news\/wp-json\/wp\/v2\/tags?post=41559"}],"curies":[{"name":"wp","href":"https:\/\/api.w.org\/{rel}","templated":true}]}}