{"id":41562,"date":"2020-05-23T10:52:00","date_gmt":"2020-05-23T14:52:00","guid":{"rendered":"http:\/\/www.corumbaonline.com.br\/news\/?p=41562"},"modified":"2020-05-23T11:42:04","modified_gmt":"2020-05-23T15:42:04","slug":"prefeito-reivindica-explicacoes-da-fecomercio-sobre-fechamento-do-sesc-em-corumba","status":"publish","type":"post","link":"https:\/\/www.corumbaonline.com.br\/news\/prefeito-reivindica-explicacoes-da-fecomercio-sobre-fechamento-do-sesc-em-corumba\/","title":{"rendered":"Prefeito reivindica explica\u00e7\u00f5es da Fecom\u00e9rcio sobre fechamento do SESC em Corumb\u00e1"},"content":{"rendered":"<p>O prefeito Marcelo Iunes vai encaminhar um of\u00edcio \u00e0 Federa\u00e7\u00e3o do Com\u00e9rcio de Bens, Servi\u00e7os e Turismo de Mato Grosso do Sul (Fecom\u00e9rcio) questionando o fechamento da unidade do SESC em Corumb\u00e1. O documento ser\u00e1 enviado ao presidente da institui\u00e7\u00e3o, Edson Ferreira de Ara\u00fajo, na pr\u00f3xima segunda-feira, dia 25.<span id=\"more-70990\"><\/span><\/p>\n<p>\u201cFoi com surpresa e indigna\u00e7\u00e3o que ficamos sabendo, pela imprensa local, do encerramento das atividades do SESC em nossa cidade. Entendemos que o momento econ\u00f4mico \u00e9 dif\u00edcil para todos, inclusive para o Sistema S, mas n\u00e3o justifica uma atitude dr\u00e1stica como essa\u201d, afirmou o prefeito.<\/p>\n<p>O chefe do Executivo corumbaense ainda destacou a parceria do SESC com a Prefeitura de Corumb\u00e1 e a import\u00e2ncia da unidade para o fortalecimento e a dissemina\u00e7\u00e3o da cultura local. \u201cO trabalho feito aqui na cidade ao longo dos anos tem ajudado toda nossa popula\u00e7\u00e3o, seja em grandes eventos como em a\u00e7\u00f5es mais espec\u00edficas\u201d, avaliou Marcelo Iunes.<\/p>\n<p>\u201cVamos aguardar a justificativa da Fecom\u00e9rcio \u2013 entidade respons\u00e1vel pelo SESC, SENAC e o IPF \u2013 para buscarmos alternativas de reverter essa decis\u00e3o, que tenho certeza desagradou todos os corumbaenses, os ladarenses e os irm\u00e3os bolivianos da fronteira\u201d, finalizou o prefeito de Corumb\u00e1.<\/p>\n","protected":false},"excerpt":{"rendered":"<p>O prefeito Marcelo Iunes vai encaminhar um of\u00edcio \u00e0 Federa\u00e7\u00e3o do Com\u00e9rcio de Bens, Servi\u00e7os&#8230;<\/p>\n","protected":false},"author":1,"featured_media":0,"comment_status":"closed","ping_status":"closed","sticky":false,"template":"","format":"standard","meta":{"footnotes":""},"categories":[9,19],"tags":[],"class_list":["post-41562","post","type-post","status-publish","format-standard","hentry","category-economia","category-politica"],"_links":{"self":[{"href":"https:\/\/www.corumbaonline.com.br\/news\/wp-json\/wp\/v2\/posts\/41562","targetHints":{"allow":["GET"]}}],"collection":[{"href":"https:\/\/www.corumbaonline.com.br\/news\/wp-json\/wp\/v2\/posts"}],"about":[{"href":"https:\/\/www.corumbaonline.com.br\/news\/wp-json\/wp\/v2\/types\/post"}],"author":[{"embeddable":true,"href":"https:\/\/www.corumbaonline.com.br\/news\/wp-json\/wp\/v2\/users\/1"}],"replies":[{"embeddable":true,"href":"https:\/\/www.corumbaonline.com.br\/news\/wp-json\/wp\/v2\/comments?post=41562"}],"version-history":[{"count":2,"href":"https:\/\/www.corumbaonline.com.br\/news\/wp-json\/wp\/v2\/posts\/41562\/revisions"}],"predecessor-version":[{"id":41564,"href":"https:\/\/www.corumbaonline.com.br\/news\/wp-json\/wp\/v2\/posts\/41562\/revisions\/41564"}],"wp:attachment":[{"href":"https:\/\/www.corumbaonline.com.br\/news\/wp-json\/wp\/v2\/media?parent=41562"}],"wp:term":[{"taxonomy":"category","embeddable":true,"href":"https:\/\/www.corumbaonline.com.br\/news\/wp-json\/wp\/v2\/categories?post=41562"},{"taxonomy":"post_tag","embeddable":true,"href":"https:\/\/www.corumbaonline.com.br\/news\/wp-json\/wp\/v2\/tags?post=41562"}],"curies":[{"name":"wp","href":"https:\/\/api.w.org\/{rel}","templated":true}]}}