{"id":41565,"date":"2020-05-23T11:11:00","date_gmt":"2020-05-23T15:11:00","guid":{"rendered":"http:\/\/www.corumbaonline.com.br\/news\/?p=41565"},"modified":"2020-05-23T11:44:57","modified_gmt":"2020-05-23T15:44:57","slug":"covid-19-governo-proibe-entrada-de-estrangeiros-no-pais-por-30-dias","status":"publish","type":"post","link":"https:\/\/www.corumbaonline.com.br\/news\/covid-19-governo-proibe-entrada-de-estrangeiros-no-pais-por-30-dias\/","title":{"rendered":"Covid-19: governo pro\u00edbe entrada de estrangeiros no pa\u00eds por 30 dias"},"content":{"rendered":"<p>O governo federal publicou em edi\u00e7\u00e3o extra do\u00a0<a href=\"http:\/\/www.in.gov.br\/en\/web\/dou\/-\/portaria-n-255-de-22-de-maio-de-2020-258114133\" target=\"_blank\" rel=\"noopener noreferrer\"><em>Di\u00e1rio Oficial da Uni\u00e3o<\/em><\/a> uma portaria que restringe a entranda de estrangeiros no Brasil por 30 dias em decorr\u00eancia da pandemia do novo coronav\u00edrus.<\/p>\n<p>A entrada de estrangeiros, de qualquer nacionalidade, fica proibida por rodovias ou outros meios terrestres, por via a\u00e9rea ou por transporte aquavi\u00e1rio. O prazo de 30 dias poder\u00e1 ser prorrogado por recomenda\u00e7\u00e3o t\u00e9cnica da Ag\u00eancia Nacional de Vigil\u00e2ncia Sanit\u00e1ria (Anvisa), que foi a entidade que recomendou a restri\u00e7\u00e3o.<\/p>\n<p>Pelo ato, a restri\u00e7\u00e3o n\u00e3o se aplica a brasileiros natos ou naturalizados; imigrantes que tenham resid\u00eancia permanente no Brasil; profissionais estrangeiros em miss\u00e3o que estejam a servi\u00e7o de organismo internacional; passageiros em tr\u00e2nsito internacional, desde que n\u00e3o saiam da \u00e1rea internacional do aeroporto e que o pa\u00eds de destino admita o seu ingresso; funcion\u00e1rios estrangeiros acreditado junto ao Governo brasileiro; al\u00e9m de estrangeiros que sejam c\u00f4njunges, conpanheiros, filhos, pais ou curadores de brasileiros; que tenham o ingresso autorizado pelo governo brasileiro ou sejam portadores do Registro Nacional Migrat\u00f3rio.<\/p>\n<p>A proibi\u00e7\u00e3o, entretanto, n\u00e3o atinge atividades como a\u00e7\u00f5es humanit\u00e1arias transfronteiri\u00e7as e o transporte e \u00a0desembarque de cargas, entre outras atividades.<\/p>\n<p>A portaria \u00e9 assinada pelos ministros da Casa Civil, Braga Netto, da Juti\u00e7a e Seguran\u00e7a P\u00fablica, Andr\u00e9 Mendon\u00e7a, da Infraestrura, Tarcisio Freitas, e da Sa\u00fade, Eduardo Pazuelo.<\/p>\n","protected":false},"excerpt":{"rendered":"<p>O governo federal publicou em edi\u00e7\u00e3o extra do\u00a0Di\u00e1rio Oficial da Uni\u00e3o uma portaria que restringe&#8230;<\/p>\n","protected":false},"author":1,"featured_media":0,"comment_status":"closed","ping_status":"closed","sticky":false,"template":"","format":"standard","meta":{"footnotes":""},"categories":[19,21],"tags":[],"class_list":["post-41565","post","type-post","status-publish","format-standard","hentry","category-politica","category-saude"],"_links":{"self":[{"href":"https:\/\/www.corumbaonline.com.br\/news\/wp-json\/wp\/v2\/posts\/41565","targetHints":{"allow":["GET"]}}],"collection":[{"href":"https:\/\/www.corumbaonline.com.br\/news\/wp-json\/wp\/v2\/posts"}],"about":[{"href":"https:\/\/www.corumbaonline.com.br\/news\/wp-json\/wp\/v2\/types\/post"}],"author":[{"embeddable":true,"href":"https:\/\/www.corumbaonline.com.br\/news\/wp-json\/wp\/v2\/users\/1"}],"replies":[{"embeddable":true,"href":"https:\/\/www.corumbaonline.com.br\/news\/wp-json\/wp\/v2\/comments?post=41565"}],"version-history":[{"count":1,"href":"https:\/\/www.corumbaonline.com.br\/news\/wp-json\/wp\/v2\/posts\/41565\/revisions"}],"predecessor-version":[{"id":41566,"href":"https:\/\/www.corumbaonline.com.br\/news\/wp-json\/wp\/v2\/posts\/41565\/revisions\/41566"}],"wp:attachment":[{"href":"https:\/\/www.corumbaonline.com.br\/news\/wp-json\/wp\/v2\/media?parent=41565"}],"wp:term":[{"taxonomy":"category","embeddable":true,"href":"https:\/\/www.corumbaonline.com.br\/news\/wp-json\/wp\/v2\/categories?post=41565"},{"taxonomy":"post_tag","embeddable":true,"href":"https:\/\/www.corumbaonline.com.br\/news\/wp-json\/wp\/v2\/tags?post=41565"}],"curies":[{"name":"wp","href":"https:\/\/api.w.org\/{rel}","templated":true}]}}