{"id":41571,"date":"2020-05-23T11:50:00","date_gmt":"2020-05-23T15:50:00","guid":{"rendered":"http:\/\/www.corumbaonline.com.br\/news\/?p=41571"},"modified":"2020-05-23T13:21:49","modified_gmt":"2020-05-23T17:21:49","slug":"isolamento-mato-grosso-do-sul-apresenta-melhora-no-ranking-nacional-mas-fecha-semana-abaixo-dos-40","status":"publish","type":"post","link":"https:\/\/www.corumbaonline.com.br\/news\/isolamento-mato-grosso-do-sul-apresenta-melhora-no-ranking-nacional-mas-fecha-semana-abaixo-dos-40\/","title":{"rendered":"Isolamento: Mato Grosso do Sul apresenta melhora no ranking nacional, mas fecha semana abaixo dos 40%"},"content":{"rendered":"<p>Nesta sexta-feira (22) Mato Grosso do Sul apresentou uma melhora na posi\u00e7\u00e3o do ranking nacional que mede a taxa de isolamento social dos Estados, e saiu do 26\u00b0 para o 23\u00b0 lugar. Mas isso n\u00e3o significa que um maior n\u00famero de sul-mato-grossenses tenha ficado em casa, e sim que houve diminui\u00e7\u00e3o da taxa de outras unidades da federa\u00e7\u00e3o.<\/p>\n<p>O percentual de pessoas que mantiveram as medidas restritivas de distanciamento social e permaneceram no per\u00edmetro de suas resid\u00eancias nesta sexta foi de 37,7%. O \u00edndice foi o mesmo mantido ao longo desta semana que mapeou as seguintes taxas: 38,1% (segunda), 37,5% (ter\u00e7a), 36,5% (quarta) e 36,7% (quinta).<\/p>\n<p>Ocorre que o \u00edndice est\u00e1 muito abaixo dos 60% a 70% recomendados por autoridades mundiais de sa\u00fade como \u00fanica maneira eficaz de conter a r\u00e1pida\u00a0<img loading=\"lazy\" decoding=\"async\" class=\"alignright size-medium wp-image-307283\" src=\"http:\/\/www.ms.gov.br\/wp-content\/uploads\/sites\/150\/2020\/05\/WhatsApp-Image-2020-05-23-at-11.28.52-300x300.jpeg\" sizes=\"auto, (max-width: 300px) 100vw, 300px\" srcset=\"http:\/\/www.ms.gov.br\/wp-content\/uploads\/sites\/150\/2020\/05\/WhatsApp-Image-2020-05-23-at-11.28.52-300x300.jpeg 300w, http:\/\/www.ms.gov.br\/wp-content\/uploads\/sites\/150\/2020\/05\/WhatsApp-Image-2020-05-23-at-11.28.52-150x150.jpeg 150w, http:\/\/www.ms.gov.br\/wp-content\/uploads\/sites\/150\/2020\/05\/WhatsApp-Image-2020-05-23-at-11.28.52-768x768.jpeg 768w, http:\/\/www.ms.gov.br\/wp-content\/uploads\/sites\/150\/2020\/05\/WhatsApp-Image-2020-05-23-at-11.28.52-1024x1024.jpeg 1024w, http:\/\/www.ms.gov.br\/wp-content\/uploads\/sites\/150\/2020\/05\/WhatsApp-Image-2020-05-23-at-11.28.52.jpeg 1080w\" alt=\"\" width=\"300\" height=\"300\" \/>dissemina\u00e7\u00e3o do novo coronav\u00edrus. A falta desse isolamento j\u00e1 apresenta \u201cresultados\u201d em Mato Grosso do Sul que tem tido uma m\u00e9dia de 50 novos casos confirmados de Covid-19 ao longo desta semana.<\/p>\n<p>A movimenta\u00e7\u00e3o de grande parte da popula\u00e7\u00e3o n\u00e3o deve ser par\u00e2metro para os 37% que vem mantendo os cuidados recomendados pelas autoridades de sa\u00fade, pois o isolamento social pode salvar vidas. A Secretaria de Estado de Sa\u00fade (SES) segue alertando para as consequ\u00eancias da falta de isolamento social e durante live deste s\u00e1bado (23.5) que anunciou 53 novos positivos para a doen\u00e7a, convocou as fam\u00edlias a ajudarem na corrente de conscientiza\u00e7\u00e3o.<\/p>\n<p>\u201cIsolamento social, medidas de higiene, etiqueta social e uso de mascaras ser\u00e3o fundamentais no enfrentamento dessa doen\u00e7a. Se aqui h\u00e1 menos casos do Pa\u00eds, \u00e9 resultado de um conjunto de a\u00e7\u00f5es que possibilitaram que cheg\u00e1ssemos a esse controle da doen\u00e7a\u201d, pontuou o secret\u00e1rio de sa\u00fade, Geraldo Resende, destacando que o enfrentamento da doen\u00e7a depende n\u00e3o s\u00f3 do poder p\u00fablico, mas de toda sociedade.<\/p>\n<p>Para conferir o detalhamento dos boletins da taxa de isolamento por cidades e o boletim epidemiol\u00f3gico da Covid-19, pode ser conferido no site\u00a0<a href=\"http:\/\/www.coronavirus.ms.gov.br\/\">www.coronavirus.ms.gov.br<\/a>\u00a0.<\/p>\n","protected":false},"excerpt":{"rendered":"<p>Nesta sexta-feira (22) Mato Grosso do Sul apresentou uma melhora na posi\u00e7\u00e3o do ranking nacional&#8230;<\/p>\n","protected":false},"author":1,"featured_media":41574,"comment_status":"closed","ping_status":"closed","sticky":false,"template":"","format":"standard","meta":{"footnotes":""},"categories":[8,21],"tags":[],"class_list":["post-41571","post","type-post","status-publish","format-standard","has-post-thumbnail","hentry","category-destaque","category-saude"],"_links":{"self":[{"href":"https:\/\/www.corumbaonline.com.br\/news\/wp-json\/wp\/v2\/posts\/41571","targetHints":{"allow":["GET"]}}],"collection":[{"href":"https:\/\/www.corumbaonline.com.br\/news\/wp-json\/wp\/v2\/posts"}],"about":[{"href":"https:\/\/www.corumbaonline.com.br\/news\/wp-json\/wp\/v2\/types\/post"}],"author":[{"embeddable":true,"href":"https:\/\/www.corumbaonline.com.br\/news\/wp-json\/wp\/v2\/users\/1"}],"replies":[{"embeddable":true,"href":"https:\/\/www.corumbaonline.com.br\/news\/wp-json\/wp\/v2\/comments?post=41571"}],"version-history":[{"count":1,"href":"https:\/\/www.corumbaonline.com.br\/news\/wp-json\/wp\/v2\/posts\/41571\/revisions"}],"predecessor-version":[{"id":41575,"href":"https:\/\/www.corumbaonline.com.br\/news\/wp-json\/wp\/v2\/posts\/41571\/revisions\/41575"}],"wp:featuredmedia":[{"embeddable":true,"href":"https:\/\/www.corumbaonline.com.br\/news\/wp-json\/wp\/v2\/media\/41574"}],"wp:attachment":[{"href":"https:\/\/www.corumbaonline.com.br\/news\/wp-json\/wp\/v2\/media?parent=41571"}],"wp:term":[{"taxonomy":"category","embeddable":true,"href":"https:\/\/www.corumbaonline.com.br\/news\/wp-json\/wp\/v2\/categories?post=41571"},{"taxonomy":"post_tag","embeddable":true,"href":"https:\/\/www.corumbaonline.com.br\/news\/wp-json\/wp\/v2\/tags?post=41571"}],"curies":[{"name":"wp","href":"https:\/\/api.w.org\/{rel}","templated":true}]}}