{"id":41579,"date":"2020-05-24T10:15:00","date_gmt":"2020-05-24T14:15:00","guid":{"rendered":"http:\/\/www.corumbaonline.com.br\/news\/?p=41579"},"modified":"2020-05-24T10:49:26","modified_gmt":"2020-05-24T14:49:26","slug":"profissionais-da-rede-de-urgencia-e-emergencia-passam-por-capacitacao","status":"publish","type":"post","link":"https:\/\/www.corumbaonline.com.br\/news\/profissionais-da-rede-de-urgencia-e-emergencia-passam-por-capacitacao\/","title":{"rendered":"Profissionais da rede de Urg\u00eancia e Emerg\u00eancia passam por capacita\u00e7\u00e3o"},"content":{"rendered":"<p>Na manh\u00e3 do dia 23 de maio, 28 profissionais da rede de urg\u00eancia e emerg\u00eancia foram capacitados para atuarem no atendimento de pacientes infectados com Covid-19, \u00a0e que possam ter uma poss\u00edvel complica\u00e7\u00e3o respirat\u00f3ria.<\/p>\n<p>A capacita\u00e7\u00e3o foi ministrada pelo m\u00e9dico e coordenador local do SAMU, Dr. Anderson Oliveira e pelo coordenador do Pronto Socorro, Dr. \u00c9merson Ferreira, no encontro foi abordada a sequ\u00eancia r\u00e1pida de intuba\u00e7\u00e3o endotraqueal, ventila\u00e7\u00e3o mec\u00e2nica, visto que \u00e9 o procedimento que mais gera aeross\u00f3is, requerendo assim treinamento espec\u00edfico na paramenta\u00e7\u00e3o e desparamenta\u00e7\u00e3o, e parada cardiorrespirat\u00f3ria.<\/p>\n<p>Para o Secret\u00e1rio de Sa\u00fade, as capacita\u00e7\u00f5es s\u00e3o de suma import\u00e2ncia \u201cdiante da pandemia provocada pelo novo coronav\u00edrus, a presen\u00e7a de profissionais capacitados e preparados \u00e9 fundamental para o possibilitar o correto atendimento m\u00e9dico-hospitalar. J\u00e1 realizamos outros cursos voltadas ao atendimento ao paciente com Covid-19, todas visam um atendimento seguro e de qualidade\u201d.<\/p>\n<p>Um diferencial importante \u00e9 a abordagem por meio de metodologia ativa, na qual os profissionais participam ativamente junto ao instrutor, contribuindo dessa forma, com melhorias em seus processos de trabalho. Os treinamentos tamb\u00e9m s\u00e3o realizados por meio de simula\u00e7\u00e3o real\u00edstica, com bonecos especiais utilizados para este fim.<\/p>\n<p>O Prefeito de Corumb\u00e1 refor\u00e7a o empenho da gest\u00e3o do enfrentamento ao Covid \u201ccom recursos repassados ao hospital, foi poss\u00edvel fazer o incremento de 10 leitos a mais, com respiradores, exclusivos para pacientes com Coronav\u00edrus, e at\u00e9 o momento a taxa de interna\u00e7\u00e3o n\u00e3o passou de 10% da capacidade. Tamb\u00e9m estamos preparando a UPA para funcionar como um hospital de campanha, esperamos que n\u00e3o ocorra, mas caso seja preciso estar\u00e1 pronto\u201d.<\/p>\n<p>A capacita\u00e7\u00e3o foi uma organiza\u00e7\u00e3o da N\u00facleo de Educa\u00e7\u00e3o Permanente da Secretaria de Sa\u00fade, em parceria com coordena\u00e7\u00e3o de enfermagem do Pronto Socorro Municipal.<\/p>\n<div id=\"gallery-1\" class=\"gallery galleryid-70994 gallery-columns-3 gallery-size-thumbnail\">\n<figure class=\"gallery-item\">\n<div class=\"gallery-icon landscape\"><a href=\"https:\/\/www.corumba.ms.gov.br\/profissionais-da-urgencia-e-emergencia-passam-por-capacitacao\/7cd8006c-8a51-469b-8170-8e6088a2147b\/\"><img loading=\"lazy\" decoding=\"async\" class=\"attachment-thumbnail size-thumbnail lazyautosizes lazyloaded\" src=\"https:\/\/www.corumba.ms.gov.br\/wp-content\/uploads\/2020\/05\/7cd8006c-8a51-469b-8170-8e6088a2147b-150x113.jpg\" sizes=\"auto, 304px\" srcset=\"https:\/\/www.corumba.ms.gov.br\/wp-content\/uploads\/2020\/05\/7cd8006c-8a51-469b-8170-8e6088a2147b-150x113.jpg 150w, https:\/\/www.corumba.ms.gov.br\/wp-content\/uploads\/2020\/05\/7cd8006c-8a51-469b-8170-8e6088a2147b-300x225.jpg 300w, https:\/\/www.corumba.ms.gov.br\/wp-content\/uploads\/2020\/05\/7cd8006c-8a51-469b-8170-8e6088a2147b-768x576.jpg 768w, https:\/\/www.corumba.ms.gov.br\/wp-content\/uploads\/2020\/05\/7cd8006c-8a51-469b-8170-8e6088a2147b-370x278.jpg 370w, https:\/\/www.corumba.ms.gov.br\/wp-content\/uploads\/2020\/05\/7cd8006c-8a51-469b-8170-8e6088a2147b-760x570.jpg 760w, https:\/\/www.corumba.ms.gov.br\/wp-content\/uploads\/2020\/05\/7cd8006c-8a51-469b-8170-8e6088a2147b.jpg 1024w\" alt=\"\" width=\"150\" height=\"113\" data-src=\"https:\/\/www.corumba.ms.gov.br\/wp-content\/uploads\/2020\/05\/7cd8006c-8a51-469b-8170-8e6088a2147b-150x113.jpg\" data-srcset=\"https:\/\/www.corumba.ms.gov.br\/wp-content\/uploads\/2020\/05\/7cd8006c-8a51-469b-8170-8e6088a2147b-150x113.jpg 150w, https:\/\/www.corumba.ms.gov.br\/wp-content\/uploads\/2020\/05\/7cd8006c-8a51-469b-8170-8e6088a2147b-300x225.jpg 300w, https:\/\/www.corumba.ms.gov.br\/wp-content\/uploads\/2020\/05\/7cd8006c-8a51-469b-8170-8e6088a2147b-768x576.jpg 768w, https:\/\/www.corumba.ms.gov.br\/wp-content\/uploads\/2020\/05\/7cd8006c-8a51-469b-8170-8e6088a2147b-370x278.jpg 370w, https:\/\/www.corumba.ms.gov.br\/wp-content\/uploads\/2020\/05\/7cd8006c-8a51-469b-8170-8e6088a2147b-760x570.jpg 760w, https:\/\/www.corumba.ms.gov.br\/wp-content\/uploads\/2020\/05\/7cd8006c-8a51-469b-8170-8e6088a2147b.jpg 1024w\" data-sizes=\"auto\" \/><\/a><\/div>\n<\/figure>\n<figure class=\"gallery-item\">\n<div class=\"gallery-icon landscape\"><a href=\"https:\/\/www.corumba.ms.gov.br\/profissionais-da-urgencia-e-emergencia-passam-por-capacitacao\/8e21db07-621b-4a24-9807-4917e404f40a-3\/\"><img loading=\"lazy\" decoding=\"async\" class=\"attachment-thumbnail size-thumbnail lazyautosizes lazyloaded\" src=\"https:\/\/www.corumba.ms.gov.br\/wp-content\/uploads\/2020\/05\/8e21db07-621b-4a24-9807-4917e404f40a-2-150x112.jpg\" sizes=\"auto, 304px\" srcset=\"https:\/\/www.corumba.ms.gov.br\/wp-content\/uploads\/2020\/05\/8e21db07-621b-4a24-9807-4917e404f40a-2-150x112.jpg 150w, https:\/\/www.corumba.ms.gov.br\/wp-content\/uploads\/2020\/05\/8e21db07-621b-4a24-9807-4917e404f40a-2-300x223.jpg 300w, https:\/\/www.corumba.ms.gov.br\/wp-content\/uploads\/2020\/05\/8e21db07-621b-4a24-9807-4917e404f40a-2-768x572.jpg 768w, https:\/\/www.corumba.ms.gov.br\/wp-content\/uploads\/2020\/05\/8e21db07-621b-4a24-9807-4917e404f40a-2-370x276.jpg 370w, https:\/\/www.corumba.ms.gov.br\/wp-content\/uploads\/2020\/05\/8e21db07-621b-4a24-9807-4917e404f40a-2-760x566.jpg 760w, https:\/\/www.corumba.ms.gov.br\/wp-content\/uploads\/2020\/05\/8e21db07-621b-4a24-9807-4917e404f40a-2.jpg 944w\" alt=\"\" width=\"150\" height=\"112\" data-src=\"https:\/\/www.corumba.ms.gov.br\/wp-content\/uploads\/2020\/05\/8e21db07-621b-4a24-9807-4917e404f40a-2-150x112.jpg\" data-srcset=\"https:\/\/www.corumba.ms.gov.br\/wp-content\/uploads\/2020\/05\/8e21db07-621b-4a24-9807-4917e404f40a-2-150x112.jpg 150w, https:\/\/www.corumba.ms.gov.br\/wp-content\/uploads\/2020\/05\/8e21db07-621b-4a24-9807-4917e404f40a-2-300x223.jpg 300w, https:\/\/www.corumba.ms.gov.br\/wp-content\/uploads\/2020\/05\/8e21db07-621b-4a24-9807-4917e404f40a-2-768x572.jpg 768w, https:\/\/www.corumba.ms.gov.br\/wp-content\/uploads\/2020\/05\/8e21db07-621b-4a24-9807-4917e404f40a-2-370x276.jpg 370w, https:\/\/www.corumba.ms.gov.br\/wp-content\/uploads\/2020\/05\/8e21db07-621b-4a24-9807-4917e404f40a-2-760x566.jpg 760w, https:\/\/www.corumba.ms.gov.br\/wp-content\/uploads\/2020\/05\/8e21db07-621b-4a24-9807-4917e404f40a-2.jpg 944w\" data-sizes=\"auto\" \/><\/a><\/div>\n<\/figure>\n<figure class=\"gallery-item\">\n<div class=\"gallery-icon portrait\"><a href=\"https:\/\/www.corumba.ms.gov.br\/profissionais-da-urgencia-e-emergencia-passam-por-capacitacao\/9e745e69-32fc-4d40-8f43-a11fd279b1b7\/\"><img loading=\"lazy\" decoding=\"async\" class=\"attachment-thumbnail size-thumbnail lazyautosizes lazyloaded\" src=\"https:\/\/www.corumba.ms.gov.br\/wp-content\/uploads\/2020\/05\/9e745e69-32fc-4d40-8f43-a11fd279b1b7-113x150.jpg\" sizes=\"auto, 304px\" srcset=\"https:\/\/www.corumba.ms.gov.br\/wp-content\/uploads\/2020\/05\/9e745e69-32fc-4d40-8f43-a11fd279b1b7-113x150.jpg 113w, https:\/\/www.corumba.ms.gov.br\/wp-content\/uploads\/2020\/05\/9e745e69-32fc-4d40-8f43-a11fd279b1b7-225x300.jpg 225w, https:\/\/www.corumba.ms.gov.br\/wp-content\/uploads\/2020\/05\/9e745e69-32fc-4d40-8f43-a11fd279b1b7-370x493.jpg 370w, https:\/\/www.corumba.ms.gov.br\/wp-content\/uploads\/2020\/05\/9e745e69-32fc-4d40-8f43-a11fd279b1b7.jpg 438w\" alt=\"\" width=\"113\" height=\"150\" data-src=\"https:\/\/www.corumba.ms.gov.br\/wp-content\/uploads\/2020\/05\/9e745e69-32fc-4d40-8f43-a11fd279b1b7-113x150.jpg\" data-srcset=\"https:\/\/www.corumba.ms.gov.br\/wp-content\/uploads\/2020\/05\/9e745e69-32fc-4d40-8f43-a11fd279b1b7-113x150.jpg 113w, https:\/\/www.corumba.ms.gov.br\/wp-content\/uploads\/2020\/05\/9e745e69-32fc-4d40-8f43-a11fd279b1b7-225x300.jpg 225w, https:\/\/www.corumba.ms.gov.br\/wp-content\/uploads\/2020\/05\/9e745e69-32fc-4d40-8f43-a11fd279b1b7-370x493.jpg 370w, https:\/\/www.corumba.ms.gov.br\/wp-content\/uploads\/2020\/05\/9e745e69-32fc-4d40-8f43-a11fd279b1b7.jpg 438w\" data-sizes=\"auto\" \/><\/a><\/div>\n<\/figure>\n<\/div>\n","protected":false},"excerpt":{"rendered":"<p>Na manh\u00e3 do dia 23 de maio, 28 profissionais da rede de urg\u00eancia e emerg\u00eancia&#8230;<\/p>\n","protected":false},"author":1,"featured_media":41580,"comment_status":"closed","ping_status":"closed","sticky":false,"template":"","format":"standard","meta":{"footnotes":""},"categories":[21],"tags":[],"class_list":["post-41579","post","type-post","status-publish","format-standard","has-post-thumbnail","hentry","category-saude"],"_links":{"self":[{"href":"https:\/\/www.corumbaonline.com.br\/news\/wp-json\/wp\/v2\/posts\/41579","targetHints":{"allow":["GET"]}}],"collection":[{"href":"https:\/\/www.corumbaonline.com.br\/news\/wp-json\/wp\/v2\/posts"}],"about":[{"href":"https:\/\/www.corumbaonline.com.br\/news\/wp-json\/wp\/v2\/types\/post"}],"author":[{"embeddable":true,"href":"https:\/\/www.corumbaonline.com.br\/news\/wp-json\/wp\/v2\/users\/1"}],"replies":[{"embeddable":true,"href":"https:\/\/www.corumbaonline.com.br\/news\/wp-json\/wp\/v2\/comments?post=41579"}],"version-history":[{"count":2,"href":"https:\/\/www.corumbaonline.com.br\/news\/wp-json\/wp\/v2\/posts\/41579\/revisions"}],"predecessor-version":[{"id":41582,"href":"https:\/\/www.corumbaonline.com.br\/news\/wp-json\/wp\/v2\/posts\/41579\/revisions\/41582"}],"wp:featuredmedia":[{"embeddable":true,"href":"https:\/\/www.corumbaonline.com.br\/news\/wp-json\/wp\/v2\/media\/41580"}],"wp:attachment":[{"href":"https:\/\/www.corumbaonline.com.br\/news\/wp-json\/wp\/v2\/media?parent=41579"}],"wp:term":[{"taxonomy":"category","embeddable":true,"href":"https:\/\/www.corumbaonline.com.br\/news\/wp-json\/wp\/v2\/categories?post=41579"},{"taxonomy":"post_tag","embeddable":true,"href":"https:\/\/www.corumbaonline.com.br\/news\/wp-json\/wp\/v2\/tags?post=41579"}],"curies":[{"name":"wp","href":"https:\/\/api.w.org\/{rel}","templated":true}]}}