{"id":41635,"date":"2020-05-25T11:43:00","date_gmt":"2020-05-25T15:43:00","guid":{"rendered":"http:\/\/www.corumbaonline.com.br\/news\/?p=41635"},"modified":"2020-05-25T12:20:30","modified_gmt":"2020-05-25T16:20:30","slug":"coronavirus-em-dia-de-novo-recorde-de-infeccoes-secretario-alerta-para-pessoas-assintomaticas","status":"publish","type":"post","link":"https:\/\/www.corumbaonline.com.br\/news\/coronavirus-em-dia-de-novo-recorde-de-infeccoes-secretario-alerta-para-pessoas-assintomaticas\/","title":{"rendered":"Coronav\u00edrus: em dia de novo recorde de infec\u00e7\u00f5es, secret\u00e1rio alerta para pessoas assintom\u00e1ticas"},"content":{"rendered":"<p>Mato Grosso do Sul bateu nesta segunda-feira (25) novo recorde de infec\u00e7\u00f5es por Covid-19, doen\u00e7a causa pelo novo coronav\u00edrus. Foram 99 novos casos confirmados nas \u00faltimas 24h, fazendo saltar para 1.023 o n\u00famero de pessoas diagnosticadas com o novo v\u00edrus.<\/p>\n<p>Ao divulgar boletim epidemiol\u00f3gico da Covid-19, o secret\u00e1rio de Sa\u00fade de MS, Geraldo Resende, alertou para o aumento da transmiss\u00e3o. \u201cA cada semana podemos dobrar o n\u00famero de casos e s\u00f3 o isolamento social aliado as medidas de higiene e o uso de m\u00e1scaras pode barrar essa doen\u00e7a\u201d, disse.<\/p>\n<p>Em live nas redes sociais, ele ainda advertiu a popula\u00e7\u00e3o sobre \u201co grande n\u00famero de pessoas que t\u00eam o v\u00edrus e n\u00e3o t\u00eam sintomas\u201d, ou seja, s\u00e3o assintom\u00e1ticas. Conforme atestado pela ci\u00eancia, essa caracter\u00edstica \u00e9 observada, geralmente, em pessoas mais jovens.<\/p>\n<p>O v\u00eddeo completo com informa\u00e7\u00f5es sobre o comportamento do coronav\u00edrus em Mato Grosso do Sul pode ser conferido no Facebook do Governo do Estado:\u00a0<strong><a href=\"http:\/\/facebook.com\/GovernodeMatoGrossodoSul\" target=\"_blank\" rel=\"noopener noreferrer\">facebook.com\/GovernodeMatoGrossodoSul<\/a>.<\/strong><\/p>\n<p><strong>Live<\/strong><\/p>\n<p>Diante da pandemia do novo coronav\u00edrus e da frequente necessidade de utilizar a informa\u00e7\u00e3o como ferramenta de sa\u00fade, o Governo do Estado adotou o formato de entrevistas coletivas online transmitidas pelas redes sociais para informar jornalistas e sociedade sobre a situa\u00e7\u00e3o da doen\u00e7a no Estado, evitando assim a propaga\u00e7\u00e3o de\u00a0<em>fake news<\/em>.<\/p>\n","protected":false},"excerpt":{"rendered":"<p>Mato Grosso do Sul bateu nesta segunda-feira (25) novo recorde de infec\u00e7\u00f5es por Covid-19, doen\u00e7a&#8230;<\/p>\n","protected":false},"author":1,"featured_media":41636,"comment_status":"closed","ping_status":"closed","sticky":false,"template":"","format":"standard","meta":{"footnotes":""},"categories":[8,21],"tags":[],"class_list":["post-41635","post","type-post","status-publish","format-standard","has-post-thumbnail","hentry","category-destaque","category-saude"],"_links":{"self":[{"href":"https:\/\/www.corumbaonline.com.br\/news\/wp-json\/wp\/v2\/posts\/41635","targetHints":{"allow":["GET"]}}],"collection":[{"href":"https:\/\/www.corumbaonline.com.br\/news\/wp-json\/wp\/v2\/posts"}],"about":[{"href":"https:\/\/www.corumbaonline.com.br\/news\/wp-json\/wp\/v2\/types\/post"}],"author":[{"embeddable":true,"href":"https:\/\/www.corumbaonline.com.br\/news\/wp-json\/wp\/v2\/users\/1"}],"replies":[{"embeddable":true,"href":"https:\/\/www.corumbaonline.com.br\/news\/wp-json\/wp\/v2\/comments?post=41635"}],"version-history":[{"count":1,"href":"https:\/\/www.corumbaonline.com.br\/news\/wp-json\/wp\/v2\/posts\/41635\/revisions"}],"predecessor-version":[{"id":41637,"href":"https:\/\/www.corumbaonline.com.br\/news\/wp-json\/wp\/v2\/posts\/41635\/revisions\/41637"}],"wp:featuredmedia":[{"embeddable":true,"href":"https:\/\/www.corumbaonline.com.br\/news\/wp-json\/wp\/v2\/media\/41636"}],"wp:attachment":[{"href":"https:\/\/www.corumbaonline.com.br\/news\/wp-json\/wp\/v2\/media?parent=41635"}],"wp:term":[{"taxonomy":"category","embeddable":true,"href":"https:\/\/www.corumbaonline.com.br\/news\/wp-json\/wp\/v2\/categories?post=41635"},{"taxonomy":"post_tag","embeddable":true,"href":"https:\/\/www.corumbaonline.com.br\/news\/wp-json\/wp\/v2\/tags?post=41635"}],"curies":[{"name":"wp","href":"https:\/\/api.w.org\/{rel}","templated":true}]}}