{"id":41665,"date":"2020-05-26T10:38:00","date_gmt":"2020-05-26T14:38:00","guid":{"rendered":"http:\/\/www.corumbaonline.com.br\/news\/?p=41665"},"modified":"2020-05-26T11:21:08","modified_gmt":"2020-05-26T15:21:08","slug":"da-entrega-de-alimentos-a-isencao-de-imposto-nas-contas-de-luz-governo-ampara-populacao-carente-na-pandemia","status":"publish","type":"post","link":"https:\/\/www.corumbaonline.com.br\/news\/da-entrega-de-alimentos-a-isencao-de-imposto-nas-contas-de-luz-governo-ampara-populacao-carente-na-pandemia\/","title":{"rendered":"Da entrega de alimentos \u00e0 isen\u00e7\u00e3o de imposto nas contas de luz, Governo ampara popula\u00e7\u00e3o carente na pandemia"},"content":{"rendered":"<p>Medidas adotadas pelo Governo do Estado durante a pandemia de coronav\u00edrus t\u00eam facilitado a vida da popula\u00e7\u00e3o mais vulner\u00e1vel de Mato Grosso do Sul. No momento em que milhares de sul-mato-grossenses foram afetados pela falta de trabalho e renda, a\u00e7\u00f5es do poder p\u00fablico, como a entrega de cestas b\u00e1sicas e a isen\u00e7\u00e3o de imposto na conta de luz, tem amparado a popula\u00e7\u00e3o mais carente.<\/p>\n<p>\u201cEstamos atendendo as pessoas que mais precisam nesse momento em que todos est\u00e3o tendo preju\u00edzo, da dona de casa ao trabalhador. O momento pede cuidado com nossa gente\u201d, afirmou o governador Reinaldo Azambuja sobre as provid\u00eancias tomadas.<\/p>\n<p>Cestas alimentares foram compradas pelo Governo para serem distribu\u00eddas aos 79 munic\u00edpios do Estado. As entregas foram programadas em tr\u00eas lotes (abril, maio e junho). Ao todo, 960 toneladas de comida v\u00e3o alimentar 60 mil fam\u00edlias carentes durante o per\u00edodo. \u201cChegou no momento certo\u201d, disse C\u00edcero Ara\u00fajo, de 49 anos, morador de Campo Grande quando recebeu um sacol\u00e3o no m\u00eas passado.<\/p>\n<p>Em 68 munic\u00edpios de Mato Grosso do Sul onde a Sanesul opera, 12 mil consumidores de baixa de renda tiveram as contas de \u00e1gua e esgoto zeradas no m\u00eas de abril, maio e junho. \u201cN\u00e3o precisam pagar\u201d, frisou Reinaldo Azambuja . No mesmo per\u00edodo, o governador proibiu o corte de \u00e1gua em todas as unidades residenciais atendidas pela Sanesul, independente da renda dos moradores.<\/p>\n<p>As contas de luz de mais de 142 mil fam\u00edlias de baixa renda tamb\u00e9m foram reduzidas durante a pandemia de coronav\u00edrus. Isso porque o Governo do Estado abriu m\u00e3o da cobran\u00e7a do ICMS das contas de energia el\u00e9trica desses consumidores. A medida tamb\u00e9m vale por tr\u00eas meses, de abril a junho.<\/p>\n<p>Pelo mesmo per\u00edodo de 90 dias, o Governo autorizou acr\u00e9scimo de 33% no benef\u00edcio do Vale Renda pago a 39 mil fam\u00edlias carentes de Mato Grosso do Sul que t\u00eam crian\u00e7as matriculadas em escolas da Rede Estadual de Ensino. As bolsas de R$ 180 foram ampliadas para R$ 240.<\/p>\n<p>Quem mora em casas e apartamentos da Agehab (Ag\u00eancia de Habita\u00e7\u00e3o Popular de Mato Grosso do Sul) tamb\u00e9m foi atendido pelo Governo do Estado. As presta\u00e7\u00f5es dos contratos de 56 mil fam\u00edlias foram pausadas durante os meses de mar\u00e7o, abril, maio e junho. Elas ser\u00e3o cobradas, sem juros, no final de cada acordo.<\/p>\n<div id=\"attachment_243506\" class=\"wp-caption aligncenter\">\n<figure id=\"attachment_243506\" aria-describedby=\"caption-attachment-243506\" style=\"width: 1024px\" class=\"wp-caption aligncenter\"><img loading=\"lazy\" decoding=\"async\" class=\"wp-image-243506 size-large\" src=\"http:\/\/www.ms.gov.br\/wp-content\/uploads\/sites\/150\/2018\/12\/Casas-em-Navira%C3%AD-30-1024x683.jpg\" alt=\"\" width=\"1024\" height=\"683\" \/><figcaption id=\"caption-attachment-243506\" class=\"wp-caption-text\">Pausa em presta\u00e7\u00f5es de moradias da Agehab beneficia 56 fam\u00edlias, m\u00e9dia de 224 mil pessoas (Foto: Chico Ribeiro)<\/figcaption><\/figure>\n<\/div>\n","protected":false},"excerpt":{"rendered":"<p>Medidas adotadas pelo Governo do Estado durante a pandemia de coronav\u00edrus t\u00eam facilitado a vida&#8230;<\/p>\n","protected":false},"author":1,"featured_media":0,"comment_status":"closed","ping_status":"closed","sticky":false,"template":"","format":"standard","meta":{"footnotes":""},"categories":[9,21],"tags":[],"class_list":["post-41665","post","type-post","status-publish","format-standard","hentry","category-economia","category-saude"],"_links":{"self":[{"href":"https:\/\/www.corumbaonline.com.br\/news\/wp-json\/wp\/v2\/posts\/41665","targetHints":{"allow":["GET"]}}],"collection":[{"href":"https:\/\/www.corumbaonline.com.br\/news\/wp-json\/wp\/v2\/posts"}],"about":[{"href":"https:\/\/www.corumbaonline.com.br\/news\/wp-json\/wp\/v2\/types\/post"}],"author":[{"embeddable":true,"href":"https:\/\/www.corumbaonline.com.br\/news\/wp-json\/wp\/v2\/users\/1"}],"replies":[{"embeddable":true,"href":"https:\/\/www.corumbaonline.com.br\/news\/wp-json\/wp\/v2\/comments?post=41665"}],"version-history":[{"count":2,"href":"https:\/\/www.corumbaonline.com.br\/news\/wp-json\/wp\/v2\/posts\/41665\/revisions"}],"predecessor-version":[{"id":41669,"href":"https:\/\/www.corumbaonline.com.br\/news\/wp-json\/wp\/v2\/posts\/41665\/revisions\/41669"}],"wp:attachment":[{"href":"https:\/\/www.corumbaonline.com.br\/news\/wp-json\/wp\/v2\/media?parent=41665"}],"wp:term":[{"taxonomy":"category","embeddable":true,"href":"https:\/\/www.corumbaonline.com.br\/news\/wp-json\/wp\/v2\/categories?post=41665"},{"taxonomy":"post_tag","embeddable":true,"href":"https:\/\/www.corumbaonline.com.br\/news\/wp-json\/wp\/v2\/tags?post=41665"}],"curies":[{"name":"wp","href":"https:\/\/api.w.org\/{rel}","templated":true}]}}