{"id":41686,"date":"2020-05-27T08:11:00","date_gmt":"2020-05-27T12:11:00","guid":{"rendered":"http:\/\/www.corumbaonline.com.br\/news\/?p=41686"},"modified":"2020-05-27T09:32:59","modified_gmt":"2020-05-27T13:32:59","slug":"operacao-da-pf-mira-roberto-jefferson-e-luciano-hang","status":"publish","type":"post","link":"https:\/\/www.corumbaonline.com.br\/news\/operacao-da-pf-mira-roberto-jefferson-e-luciano-hang\/","title":{"rendered":"Opera\u00e7\u00e3o da PF mira Roberto Jefferson e Luciano Hang"},"content":{"rendered":"<p>A Pol\u00edcia Federal cumpre 29 mandados de busca e apreens\u00e3o em cinco Estados e no Distrito Federal no \u00e2mbito do inqu\u00e9rito aberto pelo Supremo Tribunal Federal (STF) para apurar ataques contra a corte e seus ministros, informou a corpora\u00e7\u00e3o em nota nesta quarta-feira.<\/p>\n<p class=\"text\">O ex-deputado\u00a0federal Roberto Jefferson, o deputado estadual Douglas Garcia (PSL), o empres\u00e1rio Luciano Hang e o blogueiro Allan dos Santos s\u00e3o os principais alvos da a\u00e7\u00e3o. Todos s\u00e3o apoiadores de Jair Bolsonaro.<\/p>\n<p class=\"text\">Em entrevista ao\u00a0<em>Estad\u00e3o<\/em>. Garcia disse\u00a0que os agentes da PF estiveram em seu gabinete na Assembleia Legislativa de S\u00e3o Paulo e apreenderam computadores. O deputado disse que as buscas s\u00e3o &#8220;lament\u00e1veis&#8221;.<\/p>\n<p class=\"text\">A ativista Sara Winter, que \u00e9 uma das l\u00edderes do 300 do Brasil, tamb\u00e9m est\u00e1 entre as investigadas. O grupo formou um acampamento para treinar militantes que est\u00e3o dispostos a defender Bolsonaro. Winter chegou a declarar em entrevistas recentes que alguns integrantes andam armados.<\/p>\n<p class=\"text\">De acordo com a PF, os mandados s\u00e3o cumpridos na capital federal e no Rio de Janeiro, S\u00e3o Paulo, Mato Grosso, Paran\u00e1 e Santa Catarina.<\/p>\n<p class=\"text\">As dilig\u00eancias foram determinadas pelo ministro Alexandre de Moraes, do Supremo, que preside o inqu\u00e9rito, aberto pelo presidente da corte, Dias Toffoli em mar\u00e7o do ano passado para apurar not\u00edcias falsas e amea\u00e7as contra ministros do tribunal. A abertura do inqu\u00e9rito por iniciativa de Toffoli foi alvo de cr\u00edticas, j\u00e1 que o comum \u00e9 que inqu\u00e9ritos sejam abertos pelo Judici\u00e1rio atendendo a pedidos de outros \u00f3rg\u00e3os.<\/p>\n<p class=\"text\">A Pol\u00edcia Federal n\u00e3o deu detalhes sobre os mandados cumpridos nesta quarta-feira. Procurado, o Supremo ainda n\u00e3o se manifestou. O inqu\u00e9rito corre sob sigilo de Justi\u00e7a.<\/p>\n<p class=\"text\">*\u00a0<em>Com informa\u00e7\u00f5es da Reuters e Estad\u00e3o Conte\u00fado<\/em><\/p>\n","protected":false},"excerpt":{"rendered":"<p>A Pol\u00edcia Federal cumpre 29 mandados de busca e apreens\u00e3o em cinco Estados e no&#8230;<\/p>\n","protected":false},"author":1,"featured_media":0,"comment_status":"closed","ping_status":"closed","sticky":false,"template":"","format":"standard","meta":{"footnotes":""},"categories":[18],"tags":[],"class_list":["post-41686","post","type-post","status-publish","format-standard","hentry","category-seguranca"],"_links":{"self":[{"href":"https:\/\/www.corumbaonline.com.br\/news\/wp-json\/wp\/v2\/posts\/41686","targetHints":{"allow":["GET"]}}],"collection":[{"href":"https:\/\/www.corumbaonline.com.br\/news\/wp-json\/wp\/v2\/posts"}],"about":[{"href":"https:\/\/www.corumbaonline.com.br\/news\/wp-json\/wp\/v2\/types\/post"}],"author":[{"embeddable":true,"href":"https:\/\/www.corumbaonline.com.br\/news\/wp-json\/wp\/v2\/users\/1"}],"replies":[{"embeddable":true,"href":"https:\/\/www.corumbaonline.com.br\/news\/wp-json\/wp\/v2\/comments?post=41686"}],"version-history":[{"count":1,"href":"https:\/\/www.corumbaonline.com.br\/news\/wp-json\/wp\/v2\/posts\/41686\/revisions"}],"predecessor-version":[{"id":41687,"href":"https:\/\/www.corumbaonline.com.br\/news\/wp-json\/wp\/v2\/posts\/41686\/revisions\/41687"}],"wp:attachment":[{"href":"https:\/\/www.corumbaonline.com.br\/news\/wp-json\/wp\/v2\/media?parent=41686"}],"wp:term":[{"taxonomy":"category","embeddable":true,"href":"https:\/\/www.corumbaonline.com.br\/news\/wp-json\/wp\/v2\/categories?post=41686"},{"taxonomy":"post_tag","embeddable":true,"href":"https:\/\/www.corumbaonline.com.br\/news\/wp-json\/wp\/v2\/tags?post=41686"}],"curies":[{"name":"wp","href":"https:\/\/api.w.org\/{rel}","templated":true}]}}