{"id":41735,"date":"2020-05-28T16:00:00","date_gmt":"2020-05-28T20:00:00","guid":{"rendered":"http:\/\/www.corumbaonline.com.br\/news\/?p=41735"},"modified":"2020-05-28T16:21:45","modified_gmt":"2020-05-28T20:21:45","slug":"energia-tera-bandeira-tarifaria-verde-ate-dezembro-de-2020","status":"publish","type":"post","link":"https:\/\/www.corumbaonline.com.br\/news\/energia-tera-bandeira-tarifaria-verde-ate-dezembro-de-2020\/","title":{"rendered":"Energia ter\u00e1 bandeira tarifaria verde at\u00e9 dezembro de 2020"},"content":{"rendered":"<p>\u00a0A Ag\u00eancia Nacional de Energia El\u00e9trica (Aneel) decidiu manter a bandeira verde acionada at\u00e9 31 de dezembro de 2020. O an\u00fancio foi feito nesta ter\u00e7a-feira (26), em Reuni\u00e3o P\u00fablica da Diretoria da Ag\u00eancia. Trata-se de mais uma medida emergencial para aliviar a conta de luz dos consumidores e auxiliar o setor el\u00e9trico em meio ao cen\u00e1rio de pandemia da Covid-19.<\/p>\n<p>Os consumidores da Energisa MS e da Elektro em Mato Grosso do Sul, assim como do restante do Pa\u00eds, n\u00e3o ter\u00e3o at\u00e9 o fim do ano o impacto do custo que as bandeiras amarela e vermelha indicam quando as condi\u00e7\u00f5es de gera\u00e7\u00e3o est\u00e3o mais caras.<\/p>\n<p>Os valores das bandeiras tarif\u00e1rias s\u00e3o atualizados todos os anos e levam em considera\u00e7\u00e3o par\u00e2metros como estimativas de mercado, infla\u00e7\u00e3o, proje\u00e7\u00e3o de volume de usinas hidrel\u00e9tricas, hist\u00f3rico de opera\u00e7\u00e3o do Sistema Interligado Nacional, al\u00e9m dos valores e limites do Pre\u00e7o de Liquida\u00e7\u00e3o das Diferen\u00e7as (PLD).<\/p>\n<p>Em 10 de mar\u00e7o \u2013 um dia antes do an\u00fancio de pandemia pela Organiza\u00e7\u00e3o Mundial de Sa\u00fade \u2013 a Aneel havia proposto a discuss\u00e3o para o ciclo 2020\/2021 dos valores adicionais. A proposta ficou em Consulta P\u00fablica no per\u00edodo de 12\/3 a 27\/4.<\/p>\n<p>No entanto, os impactos da pandemia no consumo de energia e nas atividades econ\u00f4micas alteraram de forma significativa os estudos e par\u00e2metros utilizados na proposta da Ag\u00eancia.<\/p>\n<p>De acordo com an\u00e1lise dos t\u00e9cnicos da Aneel, que tamb\u00e9m levou em conta as contribui\u00e7\u00f5es \u00e0 consulta p\u00fablica, o cen\u00e1rio de redu\u00e7\u00e3o de carga e as perspectivas de gera\u00e7\u00e3o de energia tornam poss\u00edvel o acionamento da bandeira verde nos pr\u00f3ximos meses. Al\u00e9m disso, os custos cobertos pelas Bandeiras Tarif\u00e1rias est\u00e3o contemplados na chamada Conta-Covid \u2013\u00a0\u00a0empr\u00e9stimo ao setor el\u00e9trico feito junto a bancos p\u00fablicos e privados, com o objetivo de aliviar os impactos da atual crise no setor el\u00e9trico. Assim, a Ag\u00eancia decidiu suspender o acionamento das bandeiras at\u00e9 31\/12\/2020.<\/p>\n<p>Sobre as bandeiras tarif\u00e1rias<\/p>\n<p>O sistema de bandeiras tarif\u00e1rias funciona como uma sinaliza\u00e7\u00e3o para que o consumidor de energia el\u00e9trica conhe\u00e7a, m\u00eas a m\u00eas, as condi\u00e7\u00f5es e os custos de gera\u00e7\u00e3o no Pa\u00eds. Quando a produ\u00e7\u00e3o nas usinas hidrel\u00e9tricas (energia mais barata) est\u00e1 favor\u00e1vel, aciona-se a bandeira verde, sem acr\u00e9scimos na tarifa. Em condi\u00e7\u00f5es ruins, podem ser acionadas as bandeiras amarela, vermelha 1 ou vermelha 2.<\/p>\n","protected":false},"excerpt":{"rendered":"<p>\u00a0A Ag\u00eancia Nacional de Energia El\u00e9trica (Aneel) decidiu manter a bandeira verde acionada at\u00e9 31&#8230;<\/p>\n","protected":false},"author":1,"featured_media":0,"comment_status":"closed","ping_status":"closed","sticky":false,"template":"","format":"standard","meta":{"footnotes":""},"categories":[9],"tags":[],"class_list":["post-41735","post","type-post","status-publish","format-standard","hentry","category-economia"],"_links":{"self":[{"href":"https:\/\/www.corumbaonline.com.br\/news\/wp-json\/wp\/v2\/posts\/41735","targetHints":{"allow":["GET"]}}],"collection":[{"href":"https:\/\/www.corumbaonline.com.br\/news\/wp-json\/wp\/v2\/posts"}],"about":[{"href":"https:\/\/www.corumbaonline.com.br\/news\/wp-json\/wp\/v2\/types\/post"}],"author":[{"embeddable":true,"href":"https:\/\/www.corumbaonline.com.br\/news\/wp-json\/wp\/v2\/users\/1"}],"replies":[{"embeddable":true,"href":"https:\/\/www.corumbaonline.com.br\/news\/wp-json\/wp\/v2\/comments?post=41735"}],"version-history":[{"count":1,"href":"https:\/\/www.corumbaonline.com.br\/news\/wp-json\/wp\/v2\/posts\/41735\/revisions"}],"predecessor-version":[{"id":41736,"href":"https:\/\/www.corumbaonline.com.br\/news\/wp-json\/wp\/v2\/posts\/41735\/revisions\/41736"}],"wp:attachment":[{"href":"https:\/\/www.corumbaonline.com.br\/news\/wp-json\/wp\/v2\/media?parent=41735"}],"wp:term":[{"taxonomy":"category","embeddable":true,"href":"https:\/\/www.corumbaonline.com.br\/news\/wp-json\/wp\/v2\/categories?post=41735"},{"taxonomy":"post_tag","embeddable":true,"href":"https:\/\/www.corumbaonline.com.br\/news\/wp-json\/wp\/v2\/tags?post=41735"}],"curies":[{"name":"wp","href":"https:\/\/api.w.org\/{rel}","templated":true}]}}