{"id":41760,"date":"2020-05-29T10:48:00","date_gmt":"2020-05-29T14:48:00","guid":{"rendered":"http:\/\/www.corumbaonline.com.br\/news\/?p=41760"},"modified":"2020-05-29T11:10:52","modified_gmt":"2020-05-29T15:10:52","slug":"campanha-de-conscientizacao-marca-o-dia-e-a-semana-de-combate-ao-feminicidio-em-corumba","status":"publish","type":"post","link":"https:\/\/www.corumbaonline.com.br\/news\/campanha-de-conscientizacao-marca-o-dia-e-a-semana-de-combate-ao-feminicidio-em-corumba\/","title":{"rendered":"Campanha de conscientiza\u00e7\u00e3o marca o dia e a semana de Combate ao Feminic\u00eddio em Corumb\u00e1"},"content":{"rendered":"<p>Corumb\u00e1 abre na segunda-feira, 1\u00ba de junho, uma intensa campanha de conscientiza\u00e7\u00e3o com foco nas a\u00e7\u00f5es de combate ao feminic\u00eddio. As atividades acontecer\u00e3o por meio de entrevistas nos \u00f3rg\u00e3os de imprensa da cidade, bem como via Internet, com lives na rede social (Facebook).<\/p>\n<p>A campanha faz parte de uma estrat\u00e9gia adotada pela Prefeitura de Corumb\u00e1, C\u00e2mara Municipal e parceiros que integram uma grande rede de enfrentamento ao problema, e vai marcar o \u201cDia Municipal de Combate ao Feminic\u00eddio\u201d, lembrado sempre em 1\u00ba de junho, e a \u201cSemana Municipal de Combate ao Feminic\u00eddio\u201d, institu\u00eddos pela Lei n\u00b0 2.705, de autoria do vereador e presidente do Poder Legislativo, Roberto Fa\u00e7anha, com assinatura de mais sete vereadores: Tadeu Vieira, Ga\u00facho da Pr\u00f3-Art, Manoel Rodrigues, Andr\u00e9 da Farm\u00e1cia, Jo\u00e3o M\u00e1rio, e pelos ent\u00e3o vereadores Paulo Bertini e Crist\u00f3v\u00e3o Contador (suplentes), sancionada pelo prefeito Marcelo Iunes em 14 de novembro de 2019.<\/p>\n<p>Fa\u00e7anha informou esta semana que a C\u00e2mara \u00e9 parceira nas a\u00e7\u00f5es. Ele lembrou que a Lei foi pensada justamente como forma de sensibilizar e conscientizar a sociedade sobre a viol\u00eancia sofrida pelas mulheres, que muitas das vezes leva \u00e0 morte violenta (feminic\u00eddio), bem como divulgar os servi\u00e7os e os mecanismos legais de prote\u00e7\u00e3o \u00e0 mulher em situa\u00e7\u00e3o de viol\u00eancia e as formas de den\u00fancia.<\/p>\n<p>\u201cSer\u00e1 uma semana diferente daquilo que prev\u00edamos por conta da pandemia do coronav\u00edrus, mas importante para discutirmos e o feminic\u00eddio como maior viola\u00e7\u00e3o dos direitos humanos contra mulheres\u201d, citou, ressaltando que a programa\u00e7\u00e3o prev\u00ea entrevistas nos meios de comunica\u00e7\u00e3o, al\u00e9m de lives.<\/p>\n<p>Programa\u00e7\u00e3o<\/p>\n<p>De segunda-feira, 1\u00ba, at\u00e9 sexta-feira, 06, os integrantes da Rede v\u00e3o visitar as emissoras de r\u00e1dios de Corumb\u00e1, abordando os temas \u201cFeminic\u00eddio x Isolamento Social\u201d, e \u201cFeminic\u00eddio x Estrat\u00e9gias de Enfretamento\u201d.<\/p>\n<p>A Internet ser\u00e1 tamb\u00e9m uma aliada da campanha que marca a Semana Municipal de Combate ao Feminic\u00eddio. A partir de segunda-feira est\u00e3o previstas lives e j\u00e1 na abertura, o debate fica por conta do tema \u201cSecretaria Especial de Cidadania e Pol\u00edticas P\u00fablicas abrangendo os aspectos da viol\u00eancia contra a mulher\u201d, com a secret\u00e1ria Amanda Cristiane Balancieri Iunes, com in\u00edcio \u00e0s 09 horas, no Facebook da Prefeitura de Corumb\u00e1\u00a0<strong><em><a href=\"https:\/\/www.facebook.com\/prefeituradecorumba\/\">Prefeitura de Corumb\u00e1<\/a><\/em><\/strong>.<\/p>\n<p>Nos demais dias, as lives acontecer\u00e3o sempre \u00e0s 18 horas, com transmiss\u00e3o pelo Portal Zoom (aplicativo ZOOM Cloud Meetings). Na ter\u00e7a, dia 02 de junho, o tema em debate ser\u00e1 \u201cAspectos pr\u00e1ticos no Enfrentamento \u00e0 Viol\u00eancia contra a Mulher\u201d, com a professora e doutora Claudia Ara\u00fajo; o tenente-coronel Massilon de Oliveira Silva Neto, comandante da PM, e a delegada da Mulher, Tatiana Zingier e Silva.<\/p>\n<p>No dia 03, quarta, a Live ser\u00e1 com o advogado da OAB de Corumb\u00e1, Roberto Lins. Na quinta, 04, o tema focado ser\u00e1 o \u201cO Papel da Rede no Combate ao Feminic\u00eddio\u201d, com o presidente da C\u00e2mara, Roberto Gomes Fa\u00e7anha; Andreia, da Patrulha Maria da Penha; Arlene de Carvalho Inez, do Conselho Municipal da Mulher, e Wania Alecrim de Lima, da Coordenadoria de Pol\u00edticas P\u00fablicas para as Mulheres, al\u00e9m de representante do CRAM.<\/p>\n<p>O encerramento ser\u00e1 na sexta, dia 05, com o tema \u201cFeminic\u00eddio \u2013 Invisibilidade Mata\u201d, com participa\u00e7\u00e3o de Samara Yasser Yassine Dalloul, do\u00a0 2\u00ba Of\u00edcio (Tutela Coletiva, C\u00edvel e Criminal), e a professora Claudia Ara\u00fajo, da UFMS.<\/p>\n","protected":false},"excerpt":{"rendered":"<p>Corumb\u00e1 abre na segunda-feira, 1\u00ba de junho, uma intensa campanha de conscientiza\u00e7\u00e3o com foco nas&#8230;<\/p>\n","protected":false},"author":1,"featured_media":0,"comment_status":"closed","ping_status":"closed","sticky":false,"template":"","format":"standard","meta":{"footnotes":""},"categories":[14],"tags":[],"class_list":["post-41760","post","type-post","status-publish","format-standard","hentry","category-geral"],"_links":{"self":[{"href":"https:\/\/www.corumbaonline.com.br\/news\/wp-json\/wp\/v2\/posts\/41760","targetHints":{"allow":["GET"]}}],"collection":[{"href":"https:\/\/www.corumbaonline.com.br\/news\/wp-json\/wp\/v2\/posts"}],"about":[{"href":"https:\/\/www.corumbaonline.com.br\/news\/wp-json\/wp\/v2\/types\/post"}],"author":[{"embeddable":true,"href":"https:\/\/www.corumbaonline.com.br\/news\/wp-json\/wp\/v2\/users\/1"}],"replies":[{"embeddable":true,"href":"https:\/\/www.corumbaonline.com.br\/news\/wp-json\/wp\/v2\/comments?post=41760"}],"version-history":[{"count":1,"href":"https:\/\/www.corumbaonline.com.br\/news\/wp-json\/wp\/v2\/posts\/41760\/revisions"}],"predecessor-version":[{"id":41761,"href":"https:\/\/www.corumbaonline.com.br\/news\/wp-json\/wp\/v2\/posts\/41760\/revisions\/41761"}],"wp:attachment":[{"href":"https:\/\/www.corumbaonline.com.br\/news\/wp-json\/wp\/v2\/media?parent=41760"}],"wp:term":[{"taxonomy":"category","embeddable":true,"href":"https:\/\/www.corumbaonline.com.br\/news\/wp-json\/wp\/v2\/categories?post=41760"},{"taxonomy":"post_tag","embeddable":true,"href":"https:\/\/www.corumbaonline.com.br\/news\/wp-json\/wp\/v2\/tags?post=41760"}],"curies":[{"name":"wp","href":"https:\/\/api.w.org\/{rel}","templated":true}]}}