{"id":42155,"date":"2020-06-14T08:40:00","date_gmt":"2020-06-14T12:40:00","guid":{"rendered":"http:\/\/www.corumbaonline.com.br\/news\/?p=42155"},"modified":"2020-06-14T09:39:47","modified_gmt":"2020-06-14T13:39:47","slug":"secretaria-informa-mais-3-obitos-por-coronavirus-em-mato-grosso-do-sul","status":"publish","type":"post","link":"https:\/\/www.corumbaonline.com.br\/news\/secretaria-informa-mais-3-obitos-por-coronavirus-em-mato-grosso-do-sul\/","title":{"rendered":"Secretaria informa mais 3 \u00f3bitos por coronav\u00edrus em Mato Grosso do Sul"},"content":{"rendered":"<p>A Secretaria de Estado de Sa\u00fade (SES) anuncia, com pesar, o registro de mais tr\u00eas \u00f3bitos por coronav\u00edrus em Mato Grosso do Sul, neste domingo (14). Com isso, o Estado contabiliza 31 v\u00edtimas fatais da doen\u00e7a.<\/p>\n<p>A 29\u00aa v\u00edtima era do sexo masculino, tinha 80 anos, do munic\u00edpio de Douradina, com nenhuma comorbidade relatada. A v\u00edtima era do distrito de Bocaj\u00e1 e estava internado desde ter\u00e7a-feira, ap\u00f3s comparecer a Unidade de Sa\u00fade em Douradina com complica\u00e7\u00f5es de sa\u00fade e ser encaminhado imediatamente ao UPA em Dourados. Na Unidade de Pronto Atendimento foram realizados dois testes r\u00e1pidos, que deram negativos para covid-19.<br \/>\nAp\u00f3s complica\u00e7\u00f5es na manh\u00e3 deste s\u00e1bado ele foi transferido ao Hospital Evang\u00e9lico, na mesma cidade, onde foram realizados outros exames, tendo constatado no teste r\u00e1pido positivo ao coronav\u00edrus. Ele veio a \u00f3bito durante a tarde de ontem.<\/p>\n<p>J\u00e1 a 30\u00aa v\u00edtima era tamb\u00e9m do sexo feminino, 65 anos, de Dourados, era hipertenso e diab\u00e9tico.<br \/>\nA 31\u00aa v\u00edtima tamb\u00e9m era de Dourados, do sexo feminino, de 54 anos, e tinha como comodidades diabetes e doen\u00e7a cardiovascular cr\u00f4nica.<\/p>\n<p>Sendo assim, em Mato Grosso do Sul registra 8 \u00f3bitos em Campo Grande, 5 em Tr\u00eas Lagoas, 2 em Bataypor\u00e3, 1 em Parana\u00edba, 1 em Vicentina (tamb\u00e9m ocorrido no Estado de S\u00e3o Paulo), 4 em Dourados, sendo 1 douradense que morreu em Tocantins, 2 \u00f3bitos de Brasil\u00e2ndia, 2 em Itapor\u00e3, 1 em Iguatemi, 1 em Rio Brilhante, 1 em Sidrol\u00e2ndia, 1 em Ponta Por\u00e3, 1 em Corumb\u00e1 e 1 em Douradina.<\/p>\n","protected":false},"excerpt":{"rendered":"<p>A Secretaria de Estado de Sa\u00fade (SES) anuncia, com pesar, o registro de mais tr\u00eas&#8230;<\/p>\n","protected":false},"author":1,"featured_media":42156,"comment_status":"closed","ping_status":"closed","sticky":false,"template":"","format":"standard","meta":{"footnotes":""},"categories":[8,21],"tags":[],"class_list":["post-42155","post","type-post","status-publish","format-standard","has-post-thumbnail","hentry","category-destaque","category-saude"],"_links":{"self":[{"href":"https:\/\/www.corumbaonline.com.br\/news\/wp-json\/wp\/v2\/posts\/42155","targetHints":{"allow":["GET"]}}],"collection":[{"href":"https:\/\/www.corumbaonline.com.br\/news\/wp-json\/wp\/v2\/posts"}],"about":[{"href":"https:\/\/www.corumbaonline.com.br\/news\/wp-json\/wp\/v2\/types\/post"}],"author":[{"embeddable":true,"href":"https:\/\/www.corumbaonline.com.br\/news\/wp-json\/wp\/v2\/users\/1"}],"replies":[{"embeddable":true,"href":"https:\/\/www.corumbaonline.com.br\/news\/wp-json\/wp\/v2\/comments?post=42155"}],"version-history":[{"count":1,"href":"https:\/\/www.corumbaonline.com.br\/news\/wp-json\/wp\/v2\/posts\/42155\/revisions"}],"predecessor-version":[{"id":42157,"href":"https:\/\/www.corumbaonline.com.br\/news\/wp-json\/wp\/v2\/posts\/42155\/revisions\/42157"}],"wp:featuredmedia":[{"embeddable":true,"href":"https:\/\/www.corumbaonline.com.br\/news\/wp-json\/wp\/v2\/media\/42156"}],"wp:attachment":[{"href":"https:\/\/www.corumbaonline.com.br\/news\/wp-json\/wp\/v2\/media?parent=42155"}],"wp:term":[{"taxonomy":"category","embeddable":true,"href":"https:\/\/www.corumbaonline.com.br\/news\/wp-json\/wp\/v2\/categories?post=42155"},{"taxonomy":"post_tag","embeddable":true,"href":"https:\/\/www.corumbaonline.com.br\/news\/wp-json\/wp\/v2\/tags?post=42155"}],"curies":[{"name":"wp","href":"https:\/\/api.w.org\/{rel}","templated":true}]}}