{"id":42166,"date":"2020-06-15T08:17:00","date_gmt":"2020-06-15T12:17:00","guid":{"rendered":"http:\/\/www.corumbaonline.com.br\/news\/?p=42166"},"modified":"2020-06-15T08:59:21","modified_gmt":"2020-06-15T12:59:21","slug":"sara-winter-e-presa-pela-policia-federal-em-brasilia","status":"publish","type":"post","link":"https:\/\/www.corumbaonline.com.br\/news\/sara-winter-e-presa-pela-policia-federal-em-brasilia\/","title":{"rendered":"Sara Winter \u00e9 presa pela Pol\u00edcia Federal em Bras\u00edlia"},"content":{"rendered":"<p>A militante bolsonarista Sara Winter, l\u00edder do movimento conhecido como &#8216;300 do Brasil&#8217;, foi presa na manh\u00e3 desta segunda-feira, 15, durante uma opera\u00e7\u00e3o da Pol\u00edcia Federal em Bras\u00edlia. Winter \u00e9 alvo do inqu\u00e9rito das fake news, conduzido pelo Supremo Tribunal Federal (STF), com relatoria do ministro Alexandre de Moraes.<\/p>\n<p>Durante o fim de semana, o grupo de Winter esteve envolvido em uma s\u00e9rie de atos contra o STF e o Congresso. No s\u00e1bado, 13, o governo do DF desmontou o acampamento bolsonarista na Esplanada dos Minist\u00e9rios. Al\u00e9m de descumprirem o decreto de isolamento em vigor na capital federal, os &#8216;300 do Brasil&#8217; tamb\u00e9m s\u00e3o alvo de investiga\u00e7\u00f5es do Minist\u00e9rio P\u00fablico por suspeita de porte de arma.<\/p>\n<p>Ex-assessora de confian\u00e7a da ministra da Mulher, da Fam\u00edlia e dos Direitos Humanos, Damares Alves, Winter protestou contra o fim do acampamento pelo Twitter. &#8220;Hoje \u00e0s 6 (horas) da manh\u00e3 a PMDF junto \u00e0 Secretaria de Seguran\u00e7a desmantelou baixo (sic) g\u00e1s de pimenta e agress\u00f5es. Barracas, geradores, tendas, tudo tomado \u00e0 for\u00e7a! A milit\u00e2ncia bolsonarista foi destru\u00edda hoje. Presidente, reaja!&#8221;<\/p>\n\n\n<pre class=\"wp-block-code\"><code>&lt;blockquote class=\"twitter-tweet\">&lt;p lang=\"pt\" dir=\"ltr\">As 6 da manh\u00e3 a &lt;a href=\"https:\/\/twitter.com\/pmdfoficial?ref_src=twsrc%5Etfw\">@pmdfoficial&lt;\/a> junto \u00e0 Secretaria de Seguran\u00e7a desmantelou baixo g\u00e1s de pimenta e agress\u00f5es.&lt;br>Barracas, geradores, tendas, TUDO TOMADO \u00e0 for\u00e7a!&lt;br>A Milit\u00e2ncia bolsonarista foi destru\u00edda HOJE. &lt;br>PRESIDENTE, REAJA!!!&lt;\/p>&amp;mdash; Sara Winter (@_SaraWinter) &lt;a href=\"https:\/\/twitter.com\/_SaraWinter\/status\/1271772930058444806?ref_src=twsrc%5Etfw\">June 13, 2020&lt;\/a>&lt;\/blockquote> &lt;script async src=\"https:\/\/platform.twitter.com\/widgets.js\" charset=\"utf-8\">&lt;\/script><\/code><\/pre>\n\n\n<p>Ap\u00f3s o desmantelamento do acampamento, integrantes do grupo invadiu a parte de cima da c\u00fapula do Congresso, pelo lado do Senado Federal, onde \u00e9 proibido o acesso ao p\u00fablico. Eles ficaram no local por cerca de 30 minutos. Depois, ocuparam o gramado em frente ao espelho d&#8217;\u00e1gua do Congresso.<\/p>","protected":false},"excerpt":{"rendered":"<p>A militante bolsonarista Sara Winter, l\u00edder do movimento conhecido como &#8216;300 do Brasil&#8217;, foi presa&#8230;<\/p>\n","protected":false},"author":1,"featured_media":42167,"comment_status":"closed","ping_status":"closed","sticky":false,"template":"","format":"standard","meta":{"footnotes":""},"categories":[19],"tags":[],"class_list":["post-42166","post","type-post","status-publish","format-standard","has-post-thumbnail","hentry","category-politica"],"_links":{"self":[{"href":"https:\/\/www.corumbaonline.com.br\/news\/wp-json\/wp\/v2\/posts\/42166","targetHints":{"allow":["GET"]}}],"collection":[{"href":"https:\/\/www.corumbaonline.com.br\/news\/wp-json\/wp\/v2\/posts"}],"about":[{"href":"https:\/\/www.corumbaonline.com.br\/news\/wp-json\/wp\/v2\/types\/post"}],"author":[{"embeddable":true,"href":"https:\/\/www.corumbaonline.com.br\/news\/wp-json\/wp\/v2\/users\/1"}],"replies":[{"embeddable":true,"href":"https:\/\/www.corumbaonline.com.br\/news\/wp-json\/wp\/v2\/comments?post=42166"}],"version-history":[{"count":1,"href":"https:\/\/www.corumbaonline.com.br\/news\/wp-json\/wp\/v2\/posts\/42166\/revisions"}],"predecessor-version":[{"id":42168,"href":"https:\/\/www.corumbaonline.com.br\/news\/wp-json\/wp\/v2\/posts\/42166\/revisions\/42168"}],"wp:featuredmedia":[{"embeddable":true,"href":"https:\/\/www.corumbaonline.com.br\/news\/wp-json\/wp\/v2\/media\/42167"}],"wp:attachment":[{"href":"https:\/\/www.corumbaonline.com.br\/news\/wp-json\/wp\/v2\/media?parent=42166"}],"wp:term":[{"taxonomy":"category","embeddable":true,"href":"https:\/\/www.corumbaonline.com.br\/news\/wp-json\/wp\/v2\/categories?post=42166"},{"taxonomy":"post_tag","embeddable":true,"href":"https:\/\/www.corumbaonline.com.br\/news\/wp-json\/wp\/v2\/tags?post=42166"}],"curies":[{"name":"wp","href":"https:\/\/api.w.org\/{rel}","templated":true}]}}