{"id":42172,"date":"2020-06-15T08:45:00","date_gmt":"2020-06-15T12:45:00","guid":{"rendered":"http:\/\/www.corumbaonline.com.br\/news\/?p=42172"},"modified":"2020-06-15T09:13:38","modified_gmt":"2020-06-15T13:13:38","slug":"inovador-ms-vai-usar-plasma-de-sangue-humano-para-tratar-pacientes-de-covid-19","status":"publish","type":"post","link":"https:\/\/www.corumbaonline.com.br\/news\/inovador-ms-vai-usar-plasma-de-sangue-humano-para-tratar-pacientes-de-covid-19\/","title":{"rendered":"Inovador, MS vai usar plasma de sangue humano para tratar pacientes de Covid-19"},"content":{"rendered":"<p>Mato Grosso do Sul ser\u00e1, mais uma vez, pioneiro ao adotar pr\u00e1ticas inovadoras de combate \u00e0 Covid-19, como aconteceu, por exemplo, ao ser um dos primeiros estados a instalar o COE \u2013 Comit\u00ea de Opera\u00e7\u00f5es Emergenciais) e os drive-thrus em munic\u00edpios estrat\u00e9gicos. Desta vez, vai participar de um estudo que pretende avaliar o impacto da transfus\u00e3o de plasma pessoas recuperadas da Covid-19 em pacientes com quadro cl\u00ednico grave da doen\u00e7a.<\/p>\n<p>A primeira coleta acontecer\u00e1 nesta segunda-feira (15), \u00e0s 8h30, no Hemosul, em Campo Grande.<\/p>\n<p>O estudo \u00e9 encabe\u00e7ado pela Faculdade de Medicina de Ribeir\u00e3o Preto da Universidade de S\u00e3o Paulo (USP) e conta, em Mato Grosso do Sul, com a participa\u00e7\u00e3o do Governo do Estado, por interm\u00e9dio do Hemosul e Hospital Regional de MS, al\u00e9m de outras institui\u00e7\u00f5es, como Hospital Universit\u00e1rio da UFMS, Hospital das Cl\u00ednicas da USP e da Escola Paulista de Medicina da UNIFESP (S\u00e3o Paulo).<\/p>\n<p>Em Mato Grosso do Sul, o respons\u00e1vel \u00e9 o infectologista J\u00falio Croda. O estudo conta ainda com a participa\u00e7\u00e3o de outros profissionais como Benedito Ant\u00f4nio Lopes da Fonseca, Benedito de Pina Almeida Prado Jr, Dante Langhi Jr., Dimas Tadeu Covas, Eug\u00eania Maria Amorim Ubial, Gil Cunha De Santis e Rodrigo Calado de Saloma Rodrigues.<\/p>\n<p>\u201cA participa\u00e7\u00e3o de Mato Grosso do Sul nessa pesquisa confirma a disposi\u00e7\u00e3o do Governo do Estado, por interm\u00e9dio da Secretaria Estadual de Sa\u00fade (SES), \u00e0 qual o Hemosul e o Hospital Regional de MS s\u00e3o vinculados, em estar sempre \u00e0 frente com medidas e pr\u00e1ticas inovadoras que visam, acima de tudo, oferecer sempre o que for de melhor para a popula\u00e7\u00e3o sul-mato-grossense\u201d, avalia o secret\u00e1rio estadual de Sa\u00fade Geraldo Resende.<\/p>\n<p>Marli Vavas, coordenadora- geral da Rede Hemosul-MS explica que a iniciativa de participar como respons\u00e1vel pela coleta dos plasmas partiu de um di\u00e1logo com a USP \u2013 Hemocentro de Ribeir\u00e3o Preto, por entender que este poder\u00e1 ser um eficaz tratamento para pacientes da Covid-19; \u201cO Hemosul se sente gratificado em ser um dos atores na linha de frente dessa proposta\u201d, salienta.<\/p>\n<p><strong>Pesquisa<\/strong><\/p>\n<div id=\"attachment_301704\" class=\"wp-caption alignnone\">\n<figure id=\"attachment_301704\" aria-describedby=\"caption-attachment-301704\" style=\"width: 1024px\" class=\"wp-caption alignnone\"><img loading=\"lazy\" decoding=\"async\" class=\"wp-image-301704 size-large\" src=\"http:\/\/www.ms.gov.br\/wp-content\/uploads\/sites\/150\/2020\/04\/Hemosul-Foto-Saul-Schramm-3-1024x567.jpg\" sizes=\"auto, (max-width: 1024px) 100vw, 1024px\" srcset=\"http:\/\/www.ms.gov.br\/wp-content\/uploads\/sites\/150\/2020\/04\/Hemosul-Foto-Saul-Schramm-3-1024x567.jpg 1024w, http:\/\/www.ms.gov.br\/wp-content\/uploads\/sites\/150\/2020\/04\/Hemosul-Foto-Saul-Schramm-3-300x166.jpg 300w, http:\/\/www.ms.gov.br\/wp-content\/uploads\/sites\/150\/2020\/04\/Hemosul-Foto-Saul-Schramm-3-768x425.jpg 768w\" alt=\"\" width=\"1024\" height=\"567\" \/><figcaption id=\"caption-attachment-301704\" class=\"wp-caption-text\">Pesquisa espera recuperar pacientes com evolu\u00e7\u00e3o grave da Covid-19 com plasma de pessoas que se recuperaram da doen\u00e7a<\/figcaption><\/figure>\n<\/div>\n<p>Segundo a pesquisadora Patr\u00edcia Vieira da Silva, da Universidade Federal de Mato Grosso do Sul (UFMS), n\u00e3o h\u00e1 at\u00e9 o momento terapia espec\u00edfica para a Covid-19, apesar das especula\u00e7\u00f5es acerca da poss\u00edvel efic\u00e1cia de algumas drogas, como a hidroxicloroquina e outras. Uma alternativa potencialmente promissora de acordo com ela, \u00e9 a infus\u00e3o de anticorpos pr\u00e9-formados, oriundos de indiv\u00edduos convalescentes da Covid-19.<\/p>\n<p>\u201cEssa forma de terapia, por meio da infus\u00e3o de soro ou de plasma, \u00e9 a \u00fanica forma de conferir imunidade imediata, at\u00e9 que o pr\u00f3prio organismo afetado tenha tempo de montar a sua pr\u00f3pria resposta imune (imunidade adaptativa), que, em regra, leva de alguns dias a algumas semanas, tempo relativamente longo em casos de infec\u00e7\u00e3o por microrganismo de maior virul\u00eancia\u201d.<\/p>\n<p>O estudo, diz Patr\u00edcia Vieira, pretende avaliar o impacto da transfus\u00e3o de plasma de convalescente (pacientes recuperados) da covid-19 em pacientes com quadro cl\u00ednico grave dessa doen\u00e7a. \u201cO quadro cl\u00ednico da infec\u00e7\u00e3o pelo SARS-CoV-2 \u00e9 heterog\u00eaneo, com apresenta\u00e7\u00e3o cl\u00ednica leve e oligossintom\u00e1tica, ou mesmo assintom\u00e1tica, na maioria dos casos, mas uma parcela de pacientes apresenta evolu\u00e7\u00e3o grave, com insufici\u00eancia respirat\u00f3ria, quadro respons\u00e1vel pela maioria das mortes\u201d.<\/p>\n<p>O estudo vai trabalhar com a hip\u00f3tese de que a transfus\u00e3o de plasma de doador convalescente da Covid-19 poder\u00e1 resultar em evolu\u00e7\u00e3o cl\u00ednica mais favor\u00e1vel e aumentar a taxa de sobrevida de indiv\u00edduos com acometimento grave pela doen\u00e7a.<\/p>\n<p>Para testar a hip\u00f3tese, ser\u00e3o tratados com plasma convalescente 40 pacientes com a forma grave da Covid-19 que ter\u00e3o seus desfechos comparados com grupo controle constitu\u00eddo de 80 pacientes com a mesma doen\u00e7a, com caracter\u00edsticas e gravidade cl\u00ednica semelhante. Cada paciente receber\u00e1 uma dose aproximada de 10 mL\/kg\/dia de plasma convalescente (600 mL\/dia para os adultos), por 3 dias consecutivos.<\/p>\n<p>Os participantes do estudo ser\u00e3o recrutados dentre os pacientes com infec\u00e7\u00e3o grave da Covid-19, tratados no Hospital Universit\u00e1rio da UFMS e no Hospital Regional de MS. A aloca\u00e7\u00e3o aleat\u00f3ria dos envolvidos em dois grupos, controle (tratamento convencional, dito \u201cde suporte\u201d) e experimental (receptores de plasma convalescente), se dar\u00e1 por sorteio eletr\u00f4nico realizado por pessoa n\u00e3o envolvida no atendimento ao paciente.<\/p>\n<p>Pretende-se incluir 40 indiv\u00edduos no grupo transfundido e 80 grupo controle, totalizando 120 pessoas.<br \/>\nMais detalhes, al\u00e9m dos crit\u00e9rios e agendas de coletas ser\u00e3o divulgados na manh\u00e3 desta segunda-feira, no lan\u00e7amento do estudo em Mato Grosso do Sul, que ocorrer\u00e1 no Hemosul Coordenador, em Campo Grande.<\/p>\n","protected":false},"excerpt":{"rendered":"<p>Mato Grosso do Sul ser\u00e1, mais uma vez, pioneiro ao adotar pr\u00e1ticas inovadoras de combate&#8230;<\/p>\n","protected":false},"author":1,"featured_media":42173,"comment_status":"closed","ping_status":"closed","sticky":false,"template":"","format":"standard","meta":{"footnotes":""},"categories":[21],"tags":[],"class_list":["post-42172","post","type-post","status-publish","format-standard","has-post-thumbnail","hentry","category-saude"],"_links":{"self":[{"href":"https:\/\/www.corumbaonline.com.br\/news\/wp-json\/wp\/v2\/posts\/42172","targetHints":{"allow":["GET"]}}],"collection":[{"href":"https:\/\/www.corumbaonline.com.br\/news\/wp-json\/wp\/v2\/posts"}],"about":[{"href":"https:\/\/www.corumbaonline.com.br\/news\/wp-json\/wp\/v2\/types\/post"}],"author":[{"embeddable":true,"href":"https:\/\/www.corumbaonline.com.br\/news\/wp-json\/wp\/v2\/users\/1"}],"replies":[{"embeddable":true,"href":"https:\/\/www.corumbaonline.com.br\/news\/wp-json\/wp\/v2\/comments?post=42172"}],"version-history":[{"count":1,"href":"https:\/\/www.corumbaonline.com.br\/news\/wp-json\/wp\/v2\/posts\/42172\/revisions"}],"predecessor-version":[{"id":42174,"href":"https:\/\/www.corumbaonline.com.br\/news\/wp-json\/wp\/v2\/posts\/42172\/revisions\/42174"}],"wp:featuredmedia":[{"embeddable":true,"href":"https:\/\/www.corumbaonline.com.br\/news\/wp-json\/wp\/v2\/media\/42173"}],"wp:attachment":[{"href":"https:\/\/www.corumbaonline.com.br\/news\/wp-json\/wp\/v2\/media?parent=42172"}],"wp:term":[{"taxonomy":"category","embeddable":true,"href":"https:\/\/www.corumbaonline.com.br\/news\/wp-json\/wp\/v2\/categories?post=42172"},{"taxonomy":"post_tag","embeddable":true,"href":"https:\/\/www.corumbaonline.com.br\/news\/wp-json\/wp\/v2\/tags?post=42172"}],"curies":[{"name":"wp","href":"https:\/\/api.w.org\/{rel}","templated":true}]}}