{"id":42186,"date":"2020-06-15T11:03:00","date_gmt":"2020-06-15T15:03:00","guid":{"rendered":"http:\/\/www.corumbaonline.com.br\/news\/?p=42186"},"modified":"2020-06-15T11:54:19","modified_gmt":"2020-06-15T15:54:19","slug":"governo-do-df-multa-ministro-weintraub-em-r-2-mil-por-falta-de-mascara-durante-ato-de-apoio-a-bolsonaro","status":"publish","type":"post","link":"https:\/\/www.corumbaonline.com.br\/news\/governo-do-df-multa-ministro-weintraub-em-r-2-mil-por-falta-de-mascara-durante-ato-de-apoio-a-bolsonaro\/","title":{"rendered":"Governo do DF multa ministro Weintraub em R$ 2 mil por falta de m\u00e1scara durante ato de apoio a Bolsonaro"},"content":{"rendered":"<div data-block-type=\"unstyled\" data-block-weight=\"47\" data-block-id=\"2\">\n<p data-track-category=\"Link no Texto\" data-track-links=\"\">O governo do Distrito Federal multou o ministro da Educa\u00e7\u00e3o,&nbsp;Abraham Weintraub, em R$ 2 mil&nbsp;por n\u00e3o usar m\u00e1scara durante um protesto neste domingo (14), em Bras\u00edlia. Weintraub esteve em um ato de apoiadores do presidente&nbsp;Jair Bolsonaro&nbsp;(sem partido) na Esplanada dos Minist\u00e9rios, em Bras\u00edlia.<\/p>\n<\/div>\n<div>\n<div data-block-type=\"unstyled\" data-block-weight=\"54\" data-block-id=\"3\">\n<p data-track-category=\"Link no Texto\" data-track-links=\"\">O uso do item de prote\u00e7\u00e3o \u00e9 obrigat\u00f3rio em \u00e1reas p\u00fablicas da capital desde o dia 30 de abril. Quem for flagrado sem o acess\u00f3rio pode ser multado em at\u00e9 R$ 2 mil, al\u00e9m de responder pelo crime de infra\u00e7\u00e3o de medida sanit\u00e1ria. A pena, neste caso, pode chegar a um ano de pris\u00e3o.<\/p>\n<\/div>\n<\/div>\n\n\n<figure class=\"wp-block-image size-large\"><img loading=\"lazy\" decoding=\"async\" width=\"688\" height=\"1024\" src=\"https:\/\/www.corumbaonline.com.br\/news\/wp-content\/uploads\/2020\/06\/foto114753-688x1024.jpg\" alt=\"\" class=\"wp-image-42187\" srcset=\"https:\/\/www.corumbaonline.com.br\/news\/wp-content\/uploads\/2020\/06\/foto114753-688x1024.jpg 688w, https:\/\/www.corumbaonline.com.br\/news\/wp-content\/uploads\/2020\/06\/foto114753-202x300.jpg 202w, https:\/\/www.corumbaonline.com.br\/news\/wp-content\/uploads\/2020\/06\/foto114753-768x1143.jpg 768w, https:\/\/www.corumbaonline.com.br\/news\/wp-content\/uploads\/2020\/06\/foto114753-600x893.jpg 600w, https:\/\/www.corumbaonline.com.br\/news\/wp-content\/uploads\/2020\/06\/foto114753.jpg 984w\" sizes=\"auto, (max-width: 688px) 100vw, 688px\" \/><figcaption>Auto de infra\u00e7\u00e3o do GDF, enviado ao ministro da Educa\u00e7\u00e3o, Abraham Weintraub (Foto: Divulga\u00e7\u00e3o)<\/figcaption><\/figure>\n\n\n<p>A assessoria do Minist\u00e9rio da Educa\u00e7\u00e3o informou \u00e0 TV Globo que o ministro n\u00e3o foi notificado e que a pasta n\u00e3o comentar\u00e1 o caso. Em nota, o DF Legal informou que, at\u00e9 esta segunda-feira (15), cerca de 61 mil pessoas j\u00e1 foram abordadas e duas multas foram aplicadas pelo descumprimento da regra.<\/p>\n<div class=\"mc-column content-text active-extra-styles \" data-block-type=\"unstyled\" data-block-weight=\"25\" data-block-id=\"10\">\n<p class=\"content-text__container \" data-track-category=\"Link no Texto\" data-track-links=\"\">Al\u00e9m do ministro, a maior parte dos manifestantes tamb\u00e9m estava sem m\u00e1scara. Durante o ato, Weintraub provocou aglomera\u00e7\u00e3o, cumprimentou, tirou fotos e abra\u00e7ou as pessoas.<\/p>\n<\/div>\n<div class=\"mc-column content-text active-extra-styles \" data-block-type=\"unstyled\" data-block-weight=\"57\" data-block-id=\"11\">\n<p class=\"content-text__container \" data-track-category=\"Link no Texto\" data-track-links=\"\">O valor da multa aplicada a Weintraub \u00e9 o m\u00e1ximo da puni\u00e7\u00e3o. No documento, o fiscal que aplicou a penalidade ocorreu porque o &#8220;autuado&#8221; estava em via p\u00fablica &#8220;sem m\u00e1scara de prote\u00e7\u00e3o [&#8230;] em desacordo com o estabelecido em decreto n\u00ba 40.648\/2020 no Distrito Federal&#8221;. O auto de infra\u00e7\u00e3o foi endere\u00e7ado ao gabinete do ministro, na Esplanada.<\/p>\n<div class=\"mc-column content-text active-extra-styles\" data-block-type=\"raw\" data-block-weight=\"3\" data-block-id=\"12\">\n<div class=\"content-intertitle\">\n<h2>Ato em Bras\u00edlia<\/h2>\n<\/div>\n<\/div>\n<div class=\"mc-column content-text active-extra-styles \" data-block-type=\"unstyled\" data-block-weight=\"28\" data-block-id=\"13\">\n<p class=\"content-text__container \" data-track-category=\"Link no Texto\" data-track-links=\"\">Durante o ato neste domingo (14), ao ser questionado por apoiadores sobre impostos pagos para &#8220;funcion\u00e1rios corruptos&#8221;, Weintraub disse que j\u00e1 tinha falado sua opini\u00e3o sobre &#8220;os vagabundos&#8221;.<\/p>\n<div class=\"mc-column content-text active-extra-styles \" data-block-type=\"unstyled\" data-block-weight=\"23\" data-block-id=\"16\">\n<p class=\"content-text__container \" data-track-category=\"Link no Texto\" data-track-links=\"\">&#8220;Eu j\u00e1 falei a minha opini\u00e3o, o que eu faria com vagabundo&#8221;, disse, sem deixar claro a quem se referia.<\/p>\n<\/div>\n<div class=\"mc-column content-text active-extra-styles \" data-block-type=\"unstyled\" data-block-weight=\"29\" data-block-id=\"17\">\n<p class=\"content-text__container \" data-track-category=\"Link no Texto\" data-track-links=\"\">O ministro usou o mesmo termo na reuni\u00e3o ministerial de 22 de abril, quando defendeu a pris\u00e3o de ministros do Supremo Tribunal Federal (STF) e os chamou de &#8220;vagabundos&#8221;.<\/p>\n<\/div>\n<div class=\"mc-column content-text active-extra-styles \" data-block-type=\"unstyled\" data-block-weight=\"55\" data-block-id=\"18\">\n<p class=\"content-text__container \" data-track-category=\"Link no Texto\" data-track-links=\"\">\u201cEu acho que \u00e9 isso que a gente est\u00e1 perdendo, est\u00e1 perdendo mesmo. O povo est\u00e1 querendo ver o que me trouxe at\u00e9 aqui. Eu, por mim, botava esses vagabundos todos na cadeia. Come\u00e7ando no STF. E \u00e9 isso que me choca. Era s\u00f3 isso, presidente&#8221;, disse Weintraub na reuni\u00e3o com Bolsonaro e outras autoridades.<\/p>\n<\/div>\n<div class=\"mc-column content-text active-extra-styles \" data-block-type=\"unstyled\" data-block-weight=\"43\" data-block-id=\"19\">\n<p class=\"content-text__container \" data-track-category=\"Link no Texto\" data-track-links=\"\">Por conta dessa declara\u00e7\u00e3o, Weintraub passou a ser investigado no inqu\u00e9rito do Supremo Tribunal Federal que apura dissemina\u00e7\u00e3o de fake news e ofensas a ministros da Corte. Em depoimento \u00e0 Pol\u00edcia Federal, colhido na sede do minist\u00e9rio, Weintraub optou por ficar em sil\u00eancio.<\/p>\n<\/div>\n<div class=\"mc-column content-text active-extra-styles\" data-block-type=\"raw\" data-block-weight=\"2\" data-block-id=\"20\">\n<div class=\"content-intertitle\">\n<h2>Outro caso<\/h2>\n<\/div>\n<\/div>\n<div class=\"mc-column content-text active-extra-styles \" data-block-type=\"unstyled\" data-block-weight=\"28\" data-block-id=\"21\">\n<p class=\"content-text__container \" data-track-category=\"Link no Texto\" data-track-links=\"\">No dia 11 de maio, uma servidora do Minist\u00e9rio P\u00fablico da Uni\u00e3o foi levada para a delegacia ap\u00f3s se recusar a usar m\u00e1scaras em supermercado do DF.<\/p>\n<\/div>\n<div class=\"mc-column content-text active-extra-styles \" data-block-type=\"unstyled\" data-block-weight=\"22\" data-block-id=\"22\">\n<p class=\"content-text__container \" data-track-category=\"Link no Texto\" data-track-links=\"\">A funcion\u00e1ria p\u00fablica, perita em biologia, tamb\u00e9m foi autuada na 5\u00aa Delegacia de Pol\u00edcia (Asa Norte) por &#8220;infra\u00e7\u00e3o de medida sanit\u00e1ria preventiva&#8221;.<\/p>\n<\/div>\n<div class=\"mc-column content-text active-extra-styles \" data-block-type=\"unstyled\" data-block-weight=\"29\" data-block-id=\"23\">\n<p class=\"content-text__container \" data-track-category=\"Link no Texto\" data-track-links=\"\">\u00c0 \u00e9poca, a servidora afirmou que foi comprar mantimentos para os filhos quando acabou surpreendida por um funcion\u00e1rio que disse a ela que n\u00e3o poderia entrar sem a m\u00e1scara.<\/p>\n<\/div>\n<div class=\"mc-column content-text active-extra-styles \" data-block-type=\"unstyled\" data-block-weight=\"51\" data-block-id=\"24\">\n<p class=\"content-text__container \" data-track-category=\"Link no Texto\" data-track-links=\"\">A mulher afirmou que n\u00e3o concorda com a determina\u00e7\u00e3o do governo, de obrigar o uso de m\u00e1scara em Bras\u00edlia. &#8220;Eu tentei argumentar com o gerente que o governador n\u00e3o pode determinar medidas de seguran\u00e7a sanit\u00e1ria. Quem pode determinar essas medidas \u00e9 a Vigil\u00e2ncia Sanit\u00e1ria. O decreto do governador \u00e9 exorbitante&#8221;, disse.<\/p>\n<\/div>\n<\/div>\n<\/div>","protected":false},"excerpt":{"rendered":"<p>O governo do Distrito Federal multou o ministro da Educa\u00e7\u00e3o,&nbsp;Abraham Weintraub, em R$ 2 mil&nbsp;por&#8230;<\/p>\n","protected":false},"author":1,"featured_media":0,"comment_status":"closed","ping_status":"closed","sticky":false,"template":"","format":"standard","meta":{"footnotes":""},"categories":[14,19],"tags":[],"class_list":["post-42186","post","type-post","status-publish","format-standard","hentry","category-geral","category-politica"],"_links":{"self":[{"href":"https:\/\/www.corumbaonline.com.br\/news\/wp-json\/wp\/v2\/posts\/42186","targetHints":{"allow":["GET"]}}],"collection":[{"href":"https:\/\/www.corumbaonline.com.br\/news\/wp-json\/wp\/v2\/posts"}],"about":[{"href":"https:\/\/www.corumbaonline.com.br\/news\/wp-json\/wp\/v2\/types\/post"}],"author":[{"embeddable":true,"href":"https:\/\/www.corumbaonline.com.br\/news\/wp-json\/wp\/v2\/users\/1"}],"replies":[{"embeddable":true,"href":"https:\/\/www.corumbaonline.com.br\/news\/wp-json\/wp\/v2\/comments?post=42186"}],"version-history":[{"count":2,"href":"https:\/\/www.corumbaonline.com.br\/news\/wp-json\/wp\/v2\/posts\/42186\/revisions"}],"predecessor-version":[{"id":42192,"href":"https:\/\/www.corumbaonline.com.br\/news\/wp-json\/wp\/v2\/posts\/42186\/revisions\/42192"}],"wp:attachment":[{"href":"https:\/\/www.corumbaonline.com.br\/news\/wp-json\/wp\/v2\/media?parent=42186"}],"wp:term":[{"taxonomy":"category","embeddable":true,"href":"https:\/\/www.corumbaonline.com.br\/news\/wp-json\/wp\/v2\/categories?post=42186"},{"taxonomy":"post_tag","embeddable":true,"href":"https:\/\/www.corumbaonline.com.br\/news\/wp-json\/wp\/v2\/tags?post=42186"}],"curies":[{"name":"wp","href":"https:\/\/api.w.org\/{rel}","templated":true}]}}