{"id":42196,"date":"2020-06-16T08:45:00","date_gmt":"2020-06-16T12:45:00","guid":{"rendered":"http:\/\/www.corumbaonline.com.br\/news\/?p=42196"},"modified":"2020-06-16T10:06:49","modified_gmt":"2020-06-16T14:06:49","slug":"alms-parlamentares-devem-apreciar-seis-propostas-na-sessao-desta-terca-feira","status":"publish","type":"post","link":"https:\/\/www.corumbaonline.com.br\/news\/alms-parlamentares-devem-apreciar-seis-propostas-na-sessao-desta-terca-feira\/","title":{"rendered":"ALMS: parlamentares devem apreciar seis propostas na sess\u00e3o desta ter\u00e7a-feira"},"content":{"rendered":"<p>Os deputados estaduais da Assembleia Legislativa de Mato Grosso do Sul (ALEMS) devem apreciar seis mat\u00e9rias na Ordem do Dia desta ter\u00e7a-feira (16). A vota\u00e7\u00e3o das proposi\u00e7\u00f5es acontece de forma remota e pode ser acompanhada ao vivo pelo canal 9 da Net e pelos\u00a0canais de comunica\u00e7\u00e3o da Casa de Leis &#8211;\u00a0<a href=\"https:\/\/al.ms.gov.br\/TvAssembleia\" target=\"_blank\" rel=\"noopener noreferrer\">TV ALEMS<\/a>,\u00a0\u00a0<a href=\"https:\/\/www.youtube.com\/c\/assembleialegislativadems\" target=\"_blank\" rel=\"noopener noreferrer\">Youtube<\/a>,\u00a0<a href=\"https:\/\/www.facebook.com\/assembleiams\" target=\"_blank\" rel=\"noopener noreferrer\">Facebook<\/a>,\u00a0<a href=\"https:\/\/al.ms.gov.br\/RadioAssembleia\/Audios?idMenu=601\" target=\"_blank\" rel=\"noopener noreferrer\">R\u00e1dio ALEMS<\/a>\u00a0e aplicativo Assembleia MS (<a href=\"https:\/\/play.google.com\/store\/apps\/details?id=br.com.app.gpu1553513.gpu40f07c507865e03ef66422c7404ba120&amp;hl=pt_BR\" target=\"_blank\" rel=\"noopener noreferrer\">Android<\/a>\/<a href=\"https:\/\/apps.apple.com\/br\/app\/assembleia-legislativa-do-ms\/id1185708415\" target=\"_blank\" rel=\"noopener noreferrer\">iOS<\/a>).<\/p>\n<p>Duas propostas est\u00e3o pautadas para reda\u00e7\u00e3o final: o\u00a0<a href=\"http:\/\/sgpl.consulta.al.ms.gov.br\/sgpl-publico\/#\/linha-tempo?idProposicao=87276\" target=\"_blank\" rel=\"noopener noreferrer\">Projeto de Lei 290\/2019<\/a>, do deputado Jo\u00e3o Henrique (PL), disp\u00f5e sobre a proibi\u00e7\u00e3o de cobran\u00e7as e informa\u00e7\u00f5es de fraudes ou d\u00e9bitos pendentes de contratos anteriores, nas unidades consumidoras no \u00e2mbito do Estado; e o\u00a0<a href=\"http:\/\/sgpl.consulta.al.ms.gov.br\/sgpl-publico\/#\/linha-tempo?idProposicao=88581\" target=\"_blank\" rel=\"noopener noreferrer\">Projeto de Lei 30\/2020<\/a>, do deputado Lidio Lopes (PATRI), que estabelece diretrizes para pol\u00edtica de diagn\u00f3stico e tratamento da depress\u00e3o p\u00f3s-parto no sistema de sa\u00fade da rede p\u00fablica e privada estadual, e institui o dia estadual de preven\u00e7\u00e3o e combate \u00e0 depress\u00e3o p\u00f3s-parto.<\/p>\n<p>Previsto para primeira discuss\u00e3o, o\u00a0<a href=\"http:\/\/sgpl.consulta.al.ms.gov.br\/sgpl-publico\/#\/linha-tempo?idProposicao=89228\" target=\"_blank\" rel=\"noopener noreferrer\">Projeto de Lei 94\/2020<\/a>, do deputado Renato C\u00e2mara (MDB), altera dispositivos da Lei 5.215, de 12 de junho de 2018 &#8211; que institui o m\u00eas de combate \u00e0 viol\u00eancia contra a pessoa idosa, denominado Junho Violeta\/ Prata. A proposta tem por objetivo alterar o nome da campanha para \u2018Junho Prata\u2019, a fim de gerar menos d\u00favidas \u00e0 popula\u00e7\u00e3o e facilitar a organiza\u00e7\u00e3o de eventos. Al\u00e9m disso, tamb\u00e9m est\u00e1 prevista a substitui\u00e7\u00e3o do termo &#8220;combate&#8221; para &#8220;enfrentamento&#8221;. O documento conta com parecer favor\u00e1vel por unanimidade da Comiss\u00e3o de Constitui\u00e7\u00e3o, Justi\u00e7a e Reda\u00e7\u00e3o (CCJR).<\/p>\n<p>Outras tr\u00eas mat\u00e9rias devem ser apreciadas em discuss\u00e3o \u00fanica. O\u00a0<a href=\"http:\/\/sgpl.consulta.al.ms.gov.br\/sgpl-publico\/#\/linha-tempo?idProposicao=89281\" target=\"_blank\" rel=\"noopener noreferrer\">Projeto de Decreto Legislativo 11\/2020<\/a>\u00a0ratifica os Conv\u00eanios ICMS, Ajustes SINIEF e Protocolos ICMS, celebrados no \u00e2mbito do Conselho Nacional de Pol\u00edtica Fazend\u00e1ria (Confaz). J\u00e1 o\u00a0<a href=\"http:\/\/sgpl.consulta.al.ms.gov.br\/sgpl-publico\/#\/linha-tempo?idProposicao=89280\" target=\"_blank\" rel=\"noopener noreferrer\">Projeto de Decreto Legislativo 12\/2020<\/a>\u00a0submete \u00e0 aprecia\u00e7\u00e3o da Assembleia Legislativa o nome de Diego Abud, para, em complementa\u00e7\u00e3o de mandato do per\u00edodo 2019-2020, exercer a fun\u00e7\u00e3o de membro suplente consultivo do F\u00f3rum Deliberativo do MS-Ind\u00fastria. Por fim, o\u00a0<a href=\"http:\/\/sgpl.consulta.al.ms.gov.br\/sgpl-publico\/#\/linha-tempo?idProposicao=89378\" target=\"_blank\" rel=\"noopener noreferrer\">Projeto de Decreto Legislativo 16\/2020<\/a>\u00a0pretende aprovar a indica\u00e7\u00e3o do nome de Marilucia Pereira Sandim para exercer o cargo de Diretora de Regula\u00e7\u00e3o e Fiscaliza\u00e7\u00e3o &#8211; \u00c1rea de Saneamento B\u00e1sico &#8211; da Ag\u00eancia Estadual de Regula\u00e7\u00e3o de Servi\u00e7os P\u00fablicos de Mato Grosso do Sul (Agepan). Todas as propostas possuem parecer favor\u00e1vel por unanimidade da CCJR.<\/p>\n","protected":false},"excerpt":{"rendered":"<p>Os deputados estaduais da Assembleia Legislativa de Mato Grosso do Sul (ALEMS) devem apreciar seis&#8230;<\/p>\n","protected":false},"author":1,"featured_media":0,"comment_status":"closed","ping_status":"closed","sticky":false,"template":"","format":"standard","meta":{"footnotes":""},"categories":[19],"tags":[],"class_list":["post-42196","post","type-post","status-publish","format-standard","hentry","category-politica"],"_links":{"self":[{"href":"https:\/\/www.corumbaonline.com.br\/news\/wp-json\/wp\/v2\/posts\/42196","targetHints":{"allow":["GET"]}}],"collection":[{"href":"https:\/\/www.corumbaonline.com.br\/news\/wp-json\/wp\/v2\/posts"}],"about":[{"href":"https:\/\/www.corumbaonline.com.br\/news\/wp-json\/wp\/v2\/types\/post"}],"author":[{"embeddable":true,"href":"https:\/\/www.corumbaonline.com.br\/news\/wp-json\/wp\/v2\/users\/1"}],"replies":[{"embeddable":true,"href":"https:\/\/www.corumbaonline.com.br\/news\/wp-json\/wp\/v2\/comments?post=42196"}],"version-history":[{"count":1,"href":"https:\/\/www.corumbaonline.com.br\/news\/wp-json\/wp\/v2\/posts\/42196\/revisions"}],"predecessor-version":[{"id":42197,"href":"https:\/\/www.corumbaonline.com.br\/news\/wp-json\/wp\/v2\/posts\/42196\/revisions\/42197"}],"wp:attachment":[{"href":"https:\/\/www.corumbaonline.com.br\/news\/wp-json\/wp\/v2\/media?parent=42196"}],"wp:term":[{"taxonomy":"category","embeddable":true,"href":"https:\/\/www.corumbaonline.com.br\/news\/wp-json\/wp\/v2\/categories?post=42196"},{"taxonomy":"post_tag","embeddable":true,"href":"https:\/\/www.corumbaonline.com.br\/news\/wp-json\/wp\/v2\/tags?post=42196"}],"curies":[{"name":"wp","href":"https:\/\/api.w.org\/{rel}","templated":true}]}}