{"id":42203,"date":"2020-06-16T09:28:00","date_gmt":"2020-06-16T13:28:00","guid":{"rendered":"http:\/\/www.corumbaonline.com.br\/news\/?p=42203"},"modified":"2020-06-16T10:26:26","modified_gmt":"2020-06-16T14:26:26","slug":"vereador-pede-suspensao-do-decreto-que-regulamenta-a-pesca-durante-a-pandemia","status":"publish","type":"post","link":"https:\/\/www.corumbaonline.com.br\/news\/vereador-pede-suspensao-do-decreto-que-regulamenta-a-pesca-durante-a-pandemia\/","title":{"rendered":"Vereador pede suspens\u00e3o do decreto que regulamenta a pesca durante a pandemia"},"content":{"rendered":"<p>Para atender a cadeia produtiva da pesca no Mato Grosso do Sul, em especial na regi\u00e3o do Pantanal, o presidente da C\u00e2mara Municipal de Corumb\u00e1, vereador Roberto Gomes Fa\u00e7anha est\u00e1 solicitando ao governador Reinaldo Azambuja, a suspens\u00e3o do Decreto 15.166, de 21 de fevereiro de 2019, que regulamenta o exerc\u00edcio da atividade pesqueira no \u00e2mbito do Estado de Mato Grosso do Sul (Decreto Cota Zero), durante o per\u00edodo da pandemia do Covid \u2013 19.<\/p>\n<p>O pedido foi feito por meio de um requerimento de urg\u00eancia especial apresentado na sess\u00e3o de ontem, segunda-feira, 15, direcionado tamb\u00e9m ao secret\u00e1rio de Meio Ambiente, Desenvolvimento Econ\u00f4mico, Produ\u00e7\u00e3o e Agricultura Familiar), Jaime Verruck, como forma de amenizar os impactos causados ao setor pesqueiro que tem enfrentando enormes dificuldades econ\u00f4micas, refor\u00e7ada pela pandemia do novo coronav\u00edrus.<\/p>\n<p>\u201cO pedido atende aos anseios de toda a Cadeia Produtiva da Pesca da nossa regi\u00e3o e a suspens\u00e3o do Decreto visa garantir a sobreviv\u00eancia daquelas pessoas que vivem da pesca em nosso Pantanal, minimizando assim, os impactos causados na economia devido ao atual momento que estamos vivendo\u201d, explicou Fa\u00e7anha.<\/p>\n<p>Ele destacou que se trata de \u201cuma medida social de car\u00e1ter excepcional e urgente\u201d, e que a suspens\u00e3o se deve justamente ao estado de calamidade decretado pelo Governo Estadual, para enfrentamento da pandemia do Covid \u2013 19.<\/p>\n","protected":false},"excerpt":{"rendered":"<p>Para atender a cadeia produtiva da pesca no Mato Grosso do Sul, em especial na&#8230;<\/p>\n","protected":false},"author":1,"featured_media":42204,"comment_status":"closed","ping_status":"closed","sticky":false,"template":"","format":"standard","meta":{"footnotes":""},"categories":[19],"tags":[],"class_list":["post-42203","post","type-post","status-publish","format-standard","has-post-thumbnail","hentry","category-politica"],"_links":{"self":[{"href":"https:\/\/www.corumbaonline.com.br\/news\/wp-json\/wp\/v2\/posts\/42203","targetHints":{"allow":["GET"]}}],"collection":[{"href":"https:\/\/www.corumbaonline.com.br\/news\/wp-json\/wp\/v2\/posts"}],"about":[{"href":"https:\/\/www.corumbaonline.com.br\/news\/wp-json\/wp\/v2\/types\/post"}],"author":[{"embeddable":true,"href":"https:\/\/www.corumbaonline.com.br\/news\/wp-json\/wp\/v2\/users\/1"}],"replies":[{"embeddable":true,"href":"https:\/\/www.corumbaonline.com.br\/news\/wp-json\/wp\/v2\/comments?post=42203"}],"version-history":[{"count":1,"href":"https:\/\/www.corumbaonline.com.br\/news\/wp-json\/wp\/v2\/posts\/42203\/revisions"}],"predecessor-version":[{"id":42205,"href":"https:\/\/www.corumbaonline.com.br\/news\/wp-json\/wp\/v2\/posts\/42203\/revisions\/42205"}],"wp:featuredmedia":[{"embeddable":true,"href":"https:\/\/www.corumbaonline.com.br\/news\/wp-json\/wp\/v2\/media\/42204"}],"wp:attachment":[{"href":"https:\/\/www.corumbaonline.com.br\/news\/wp-json\/wp\/v2\/media?parent=42203"}],"wp:term":[{"taxonomy":"category","embeddable":true,"href":"https:\/\/www.corumbaonline.com.br\/news\/wp-json\/wp\/v2\/categories?post=42203"},{"taxonomy":"post_tag","embeddable":true,"href":"https:\/\/www.corumbaonline.com.br\/news\/wp-json\/wp\/v2\/tags?post=42203"}],"curies":[{"name":"wp","href":"https:\/\/api.w.org\/{rel}","templated":true}]}}