{"id":42211,"date":"2020-06-16T11:11:00","date_gmt":"2020-06-16T15:11:00","guid":{"rendered":"http:\/\/www.corumbaonline.com.br\/news\/?p=42211"},"modified":"2020-06-16T13:16:00","modified_gmt":"2020-06-16T17:16:00","slug":"stf-decide-manter-weintraub-no-inquerito-das-fake-news","status":"publish","type":"post","link":"https:\/\/www.corumbaonline.com.br\/news\/stf-decide-manter-weintraub-no-inquerito-das-fake-news\/","title":{"rendered":"STF decide manter Weintraub no inqu\u00e9rito das fake news"},"content":{"rendered":"<p>A maioria dos ministros do Supremo Tribunal Federal (STF) decidiu por rejeitar, nesta segunda-feira, 15,\u00a0o habeas corpus apresentado pelo ministro da Justi\u00e7a, Andr\u00e9 Mendon\u00e7a, para tentar tirar do\u00a0inqu\u00e9rito das fake news\u00a0o ministro da Educa\u00e7\u00e3o,\u00a0Abraham Weintraub.<\/p>\n<p>Al\u00e9m das ministras Rosa Weber e C\u00e1rmen L\u00facia, os ministros Celso de Mello, Dias Toffoli e Gilmar Mendes escolheram a manuten\u00e7\u00e3o de Weintraub no inqu\u00e9rito, assim como o relator, Edson Fachin, formando maioria entre os 11 ministros da Corte.<\/p>\n<p>Ainda faltam votar os ministros Alexandre de Moraes, Luiz Fux, Lu\u00eds Roberto Barroso, Marco Aur\u00e9lio Mello e Ricardo Lewandowski. O julgamento deve ser finalizado virtualmente na sexta-feira, 19.<\/p>\n<p>Weintraub est\u00e1 envolvido no inqu\u00e9rito das fake news, que averigua sobre a dissemina\u00e7\u00e3o de informa\u00e7\u00f5es falsas que circulam na internet e amea\u00e7as a membros da Corte, por ter questionado especificamente a atua\u00e7\u00e3o do ministro\u00a0Alexandre de Moraes, relator do caso.<\/p>\n<p>A participa\u00e7\u00e3o do ministro da Educa\u00e7\u00e3o se d\u00e1 pela sua fala durante uma reuni\u00e3o ministerial de 22 de abril, que teve seu conte\u00fado revelado em 22 de maio, onde ele afirmou que, por ele, &#8220;botava esses vagabundos todos na cadeia, come\u00e7ando no STF&#8221;.<\/p>\n<p>O\u00a0julgamento do\u00a0STF\u00a0acontece em um momento delicado para Weintraub, quando aumentam as\u00a0especula\u00e7\u00f5es sobre sua eventual demiss\u00e3o do cargo, depois de ter se envolvido em in\u00fameras pol\u00eamicas e ainda ter marcado presen\u00e7a em um protesto no \u00faltimo final de semana onde\u00a0apoiadores do presidente\u00a0Jair Bolsonaro, em Bras\u00edlia, se manifestavam contra a Corte.<\/p>\n<p>Em uma entrevista na segunda-feira, Bolsonaro afirmou que Weintraub n\u00e3o foi muito prudente em participar do ato.\u00a0&#8220;Acho que ele n\u00e3o foi muito prudente em\u00a0participar desta manifesta\u00e7\u00e3o, apesar de nada de grave ele ter falado ali. Mas n\u00e3o foi um bom recado ali&#8221;, disse Bolsonaro, em entrevista.\u00a0Em um v\u00eddeo divulgado nas redes sociais, o ministro voltou a se referir como &#8220;vagabundos&#8221; ao comentar o inconformismo de quem disse pagar imposto e ver corruptos roubarem.<\/p>\n<p>&#8220;Por qu\u00ea? Ele n\u00e3o estava representando o governo, estava representando a si pr\u00f3prio. Ent\u00e3o, como tudo que acontece cai no meu colo, mais um problema que estamos tentando solucionar com o senhor Abraham Weintraub&#8221;, completou Bolsonaro.<\/p>\n","protected":false},"excerpt":{"rendered":"<p>A maioria dos ministros do Supremo Tribunal Federal (STF) decidiu por rejeitar, nesta segunda-feira, 15,\u00a0o&#8230;<\/p>\n","protected":false},"author":1,"featured_media":0,"comment_status":"closed","ping_status":"closed","sticky":false,"template":"","format":"standard","meta":{"footnotes":""},"categories":[19],"tags":[],"class_list":["post-42211","post","type-post","status-publish","format-standard","hentry","category-politica"],"_links":{"self":[{"href":"https:\/\/www.corumbaonline.com.br\/news\/wp-json\/wp\/v2\/posts\/42211","targetHints":{"allow":["GET"]}}],"collection":[{"href":"https:\/\/www.corumbaonline.com.br\/news\/wp-json\/wp\/v2\/posts"}],"about":[{"href":"https:\/\/www.corumbaonline.com.br\/news\/wp-json\/wp\/v2\/types\/post"}],"author":[{"embeddable":true,"href":"https:\/\/www.corumbaonline.com.br\/news\/wp-json\/wp\/v2\/users\/1"}],"replies":[{"embeddable":true,"href":"https:\/\/www.corumbaonline.com.br\/news\/wp-json\/wp\/v2\/comments?post=42211"}],"version-history":[{"count":1,"href":"https:\/\/www.corumbaonline.com.br\/news\/wp-json\/wp\/v2\/posts\/42211\/revisions"}],"predecessor-version":[{"id":42212,"href":"https:\/\/www.corumbaonline.com.br\/news\/wp-json\/wp\/v2\/posts\/42211\/revisions\/42212"}],"wp:attachment":[{"href":"https:\/\/www.corumbaonline.com.br\/news\/wp-json\/wp\/v2\/media?parent=42211"}],"wp:term":[{"taxonomy":"category","embeddable":true,"href":"https:\/\/www.corumbaonline.com.br\/news\/wp-json\/wp\/v2\/categories?post=42211"},{"taxonomy":"post_tag","embeddable":true,"href":"https:\/\/www.corumbaonline.com.br\/news\/wp-json\/wp\/v2\/tags?post=42211"}],"curies":[{"name":"wp","href":"https:\/\/api.w.org\/{rel}","templated":true}]}}