{"id":4463,"date":"2017-05-19T12:00:25","date_gmt":"2017-05-19T16:00:25","guid":{"rendered":"http:\/\/www.corumbaonline.com.br\/news\/?p=4463"},"modified":"2017-05-19T12:44:07","modified_gmt":"2017-05-19T16:44:07","slug":"no-ultimo-dia-enem-ja-tem-mais-de-61-milhoes-de-inscritos","status":"publish","type":"post","link":"https:\/\/www.corumbaonline.com.br\/news\/no-ultimo-dia-enem-ja-tem-mais-de-61-milhoes-de-inscritos\/","title":{"rendered":"No \u00faltimo dia, Enem j\u00e1 tem mais de 6,1 milh\u00f5es de inscritos"},"content":{"rendered":"<p>No \u00faltimo dia de inscri\u00e7\u00e3o, o Exame Nacional do Ensino M\u00e9dio (Enem) registrava, at\u00e9 as 11h, 6.194.034 inscritos, segundo balan\u00e7o do Instituto Nacional de Estudos e Pesquisas Educacionais An\u00edsio Teixeira (Inep). A expectativa \u00e9 que cerca de 800 mil pessoas se inscrevam ainda hoje, totalizando 7 milh\u00f5es nas provas deste ano. As inscri\u00e7\u00f5es podem ser feitas at\u00e9 as 23h59, no hor\u00e1rio de Bras\u00edlia, no <a href=\"http:\/\/enem.inep.gov.br\/participante\/#!\/inicial\" target=\"_blank\" rel=\"noopener noreferrer\">site do Enem<\/a>.<\/p>\n<p>Aqueles que j\u00e1 fizeram a inscri\u00e7\u00e3o t\u00eam at\u00e9 o fim do prazo para fazer alguma altera\u00e7\u00e3o no cadastro, como, por exemplo, a cidade em que desejam fazer as provas. As provas ser\u00e3o aplicadas em dois domingos consecutivos, nos dias 5 e 12 de novembro.<\/p>\n<p>Para concluir a inscri\u00e7\u00e3o, o candidato deve pagar a taxa de R$ 82. O prazo para pagamento pode ser feito at\u00e9 o dia 24 deste m\u00eas.<\/p>\n<p>Pelas regras do edital, est\u00e3o isentos da taxa os estudantes de escolas p\u00fablicas que concluir\u00e3o o ensino m\u00e9dio este ano, os participantes de baixa renda que integram o Cadastro \u00danico para Programas Sociais (Cad\u00danico) e os que se enquadram na Lei 12.799\/2013 que, entre outros crit\u00e9rios, isenta de pagamento pessoas com renda igual ou inferior a um sal\u00e1rio m\u00ednimo e meio, ou seja, R$ 1.405,50.<\/p>\n<p>Os candidatos que solicitarem atendimento especializado ou espec\u00edfico dever\u00e3o estar atentos aos documentos comprobat\u00f3rios. Neste ano, ser\u00e3o exigidos laudos m\u00e9dicos, que devem ser enviados em formato digital pelo pr\u00f3prio sistema.<\/p>\n<p>O atendimento especializado \u00e9 concedido \u00e0queles que comprovarem, por informa\u00e7\u00e3o do c\u00f3digo de Classifica\u00e7\u00e3o Internacional de Doen\u00e7as (CID) e inser\u00e7\u00e3o de laudo m\u00e9dico, condi\u00e7\u00f5es de autismo, baixa vis\u00e3o, cegueira, defici\u00eancia f\u00edsica, defici\u00eancia intelectual\/mental, d\u00e9ficit de aten\u00e7\u00e3o, discalculia, dislexia, surdez, defici\u00eancia auditiva, surdocegueira e vis\u00e3o monocular.<\/p>\n<p>J\u00e1 o Atendimento Espec\u00edfico \u00e9 garantido a gestantes, lactantes, idosos, estudantes em classe hospitalar e, a partir de 2017, a outras condi\u00e7\u00f5es espec\u00edficas, para as quais dever\u00e1 ser informado o CID (classifica\u00e7\u00e3o internacional de doen\u00e7as). Um exemplo s\u00e3o os participantes diab\u00e9ticos que usem bomba de insulina.<\/p>\n<p>O resultado das provas poder\u00e1 ser usado em processos seletivos para vagas no ensino p\u00fablico superior, pelo Sistema de Sele\u00e7\u00e3o Unificada (Sisu), para bolsas de estudo em institui\u00e7\u00f5es privadas, pelo Programa Universidade para Todos (ProUni) e para obter financiamento pelo Fundo de Financiamento Estudantil (Fies).<\/p>\n<p>Em caso de problema na hora da inscri\u00e7\u00e3o, os candidatos podem ligar para o Inep pelo telefone 0800 616161. O atendimento \u00e9 das 8h \u00e0s 20h, no hor\u00e1rio de Bras\u00edlia.<\/p>\n","protected":false},"excerpt":{"rendered":"<p>No \u00faltimo dia de inscri\u00e7\u00e3o, o Exame Nacional do Ensino M\u00e9dio (Enem) registrava, at\u00e9 as&#8230;<\/p>\n","protected":false},"author":1,"featured_media":0,"comment_status":"closed","ping_status":"closed","sticky":false,"template":"","format":"standard","meta":{"footnotes":""},"categories":[10],"tags":[],"class_list":["post-4463","post","type-post","status-publish","format-standard","hentry","category-educacao"],"_links":{"self":[{"href":"https:\/\/www.corumbaonline.com.br\/news\/wp-json\/wp\/v2\/posts\/4463","targetHints":{"allow":["GET"]}}],"collection":[{"href":"https:\/\/www.corumbaonline.com.br\/news\/wp-json\/wp\/v2\/posts"}],"about":[{"href":"https:\/\/www.corumbaonline.com.br\/news\/wp-json\/wp\/v2\/types\/post"}],"author":[{"embeddable":true,"href":"https:\/\/www.corumbaonline.com.br\/news\/wp-json\/wp\/v2\/users\/1"}],"replies":[{"embeddable":true,"href":"https:\/\/www.corumbaonline.com.br\/news\/wp-json\/wp\/v2\/comments?post=4463"}],"version-history":[{"count":1,"href":"https:\/\/www.corumbaonline.com.br\/news\/wp-json\/wp\/v2\/posts\/4463\/revisions"}],"predecessor-version":[{"id":4464,"href":"https:\/\/www.corumbaonline.com.br\/news\/wp-json\/wp\/v2\/posts\/4463\/revisions\/4464"}],"wp:attachment":[{"href":"https:\/\/www.corumbaonline.com.br\/news\/wp-json\/wp\/v2\/media?parent=4463"}],"wp:term":[{"taxonomy":"category","embeddable":true,"href":"https:\/\/www.corumbaonline.com.br\/news\/wp-json\/wp\/v2\/categories?post=4463"},{"taxonomy":"post_tag","embeddable":true,"href":"https:\/\/www.corumbaonline.com.br\/news\/wp-json\/wp\/v2\/tags?post=4463"}],"curies":[{"name":"wp","href":"https:\/\/api.w.org\/{rel}","templated":true}]}}