{"id":4476,"date":"2017-05-19T17:00:22","date_gmt":"2017-05-19T21:00:22","guid":{"rendered":"http:\/\/www.corumbaonline.com.br\/news\/?p=4476"},"modified":"2017-05-19T12:53:59","modified_gmt":"2017-05-19T16:53:59","slug":"membros-da-cmma-pme-participam-de-capacitacao-em-campo-grand","status":"publish","type":"post","link":"https:\/\/www.corumbaonline.com.br\/news\/membros-da-cmma-pme-participam-de-capacitacao-em-campo-grand\/","title":{"rendered":"Membros da CMMA-PME participam de capacita\u00e7\u00e3o em Campo Grand"},"content":{"rendered":"<p>Foi realizada nos dias 16 e 17 de maio de 2017 a 2\u00aa capacita\u00e7\u00e3o para os integrantes da Comiss\u00e3o Municipal de Monitoramento e Avalia\u00e7\u00e3o do Plano Municipal de Educa\u00e7\u00e3o (CMMA-PME) e Equipe T\u00e9cnica (E.T.), com o tema \u201cMonitoramento e Avalia\u00e7\u00e3o dos Planos Municipais de Educa\u00e7\u00e3o\u201d.<\/p>\n<p>&nbsp;<\/p>\n<p>A capacita\u00e7\u00e3o aconteceu em Campo Grande, no Espa\u00e7o de Forma\u00e7\u00e3o L\u00fadio Martins Coelho, localizado na Secretaria Municipal de Educa\u00e7\u00e3o de Campo Grande. Participaram da Capacita\u00e7\u00e3o, junto aos representantes dos 79 munic\u00edpios do Estado de Mato Grosso do Sul e as Avaliadoras Educacionais do MEC, a Coordenadora e a Coordenadora Adjunta da Comiss\u00e3o Municipal de Monitoramento e Avalia\u00e7\u00e3o do PME, um representante da Equipe T\u00e9cnica e um Representante do Conselho Municipal de Educa\u00e7\u00e3o de Corumb\u00e1.<\/p>\n<p>&nbsp;<\/p>\n<p>O Plano Municipal de Educa\u00e7\u00e3o \u00e9 um planejamento da educa\u00e7\u00e3o de cada munic\u00edpio que deve ser realizado com participa\u00e7\u00e3o do governo e da sociedade civil. \u00c9 um documento que cont\u00e9m objetivos, metas e a\u00e7\u00f5es propostas a curto, m\u00e9dio e longo prazo, para a educa\u00e7\u00e3o no munic\u00edpio num per\u00edodo de dez anos, com o objetivo responder as necessidades educacionais do munic\u00edpio, tendo em vista a melhoria na qualidade da educa\u00e7\u00e3o em todo o sistema de ensino de forma participativa.<\/p>\n","protected":false},"excerpt":{"rendered":"<p>Foi realizada nos dias 16 e 17 de maio de 2017 a 2\u00aa capacita\u00e7\u00e3o para&#8230;<\/p>\n","protected":false},"author":1,"featured_media":4477,"comment_status":"closed","ping_status":"closed","sticky":false,"template":"","format":"standard","meta":{"footnotes":""},"categories":[10],"tags":[],"class_list":["post-4476","post","type-post","status-publish","format-standard","has-post-thumbnail","hentry","category-educacao"],"_links":{"self":[{"href":"https:\/\/www.corumbaonline.com.br\/news\/wp-json\/wp\/v2\/posts\/4476","targetHints":{"allow":["GET"]}}],"collection":[{"href":"https:\/\/www.corumbaonline.com.br\/news\/wp-json\/wp\/v2\/posts"}],"about":[{"href":"https:\/\/www.corumbaonline.com.br\/news\/wp-json\/wp\/v2\/types\/post"}],"author":[{"embeddable":true,"href":"https:\/\/www.corumbaonline.com.br\/news\/wp-json\/wp\/v2\/users\/1"}],"replies":[{"embeddable":true,"href":"https:\/\/www.corumbaonline.com.br\/news\/wp-json\/wp\/v2\/comments?post=4476"}],"version-history":[{"count":1,"href":"https:\/\/www.corumbaonline.com.br\/news\/wp-json\/wp\/v2\/posts\/4476\/revisions"}],"predecessor-version":[{"id":4478,"href":"https:\/\/www.corumbaonline.com.br\/news\/wp-json\/wp\/v2\/posts\/4476\/revisions\/4478"}],"wp:featuredmedia":[{"embeddable":true,"href":"https:\/\/www.corumbaonline.com.br\/news\/wp-json\/wp\/v2\/media\/4477"}],"wp:attachment":[{"href":"https:\/\/www.corumbaonline.com.br\/news\/wp-json\/wp\/v2\/media?parent=4476"}],"wp:term":[{"taxonomy":"category","embeddable":true,"href":"https:\/\/www.corumbaonline.com.br\/news\/wp-json\/wp\/v2\/categories?post=4476"},{"taxonomy":"post_tag","embeddable":true,"href":"https:\/\/www.corumbaonline.com.br\/news\/wp-json\/wp\/v2\/tags?post=4476"}],"curies":[{"name":"wp","href":"https:\/\/api.w.org\/{rel}","templated":true}]}}