{"id":4553,"date":"2017-05-22T09:42:08","date_gmt":"2017-05-22T13:42:08","guid":{"rendered":"http:\/\/www.corumbaonline.com.br\/news\/?p=4553"},"modified":"2017-05-22T09:42:45","modified_gmt":"2017-05-22T13:42:45","slug":"centro-internacional-de-negocios-da-fiems-oferece-curso-na-area-textil","status":"publish","type":"post","link":"https:\/\/www.corumbaonline.com.br\/news\/centro-internacional-de-negocios-da-fiems-oferece-curso-na-area-textil\/","title":{"rendered":"Centro Internacional de Neg\u00f3cios da Fiems oferece curso na \u00e1rea t\u00eaxtil"},"content":{"rendered":"<p>O CIN (Centro Internacional de Neg\u00f3cios) da Fiems promove, no pr\u00f3ximo dia 1\u00ba de junho, das 7h30 \u00e0s 17h30, na sala de treinamento do IEL em Campo Grande (MS), a capacita\u00e7\u00e3o \u201cDesenvolvimento de Cole\u00e7\u00e3o e Adequa\u00e7\u00e3o de Modelagem Internacional\u201d. O evento, que ser\u00e1 realizado em parceria com o Sebrae\/MS, \u00e9 voltado para ind\u00fastrias do segmento t\u00eaxtil e faz parte do projeto de inser\u00e7\u00e3o internacional competitiva de pequenos neg\u00f3cios.<\/p>\n<p>&nbsp;<\/p>\n<p>A instrutora ser\u00e1 Sheylla G\u00f3es de Ara\u00fajo Couto, especialista na \u00e1rea de modelagem do vestu\u00e1rio e pesquisadora do Senai Cetiqt (Centro de Tecnologia da Ind\u00fastria Qu\u00edmica e T\u00eaxtil), do Rio de Janeiro (RJ), e as empresas interessadas em participar podem se inscrever por este <strong><u><a href=\"http:\/\/www.cinms.com.br\/detalhes\/desenvolvimento-de-colecao-e-adequacao-de-modelagem-internacional-para-o-setor-textil\/121\">link<\/a><\/u><\/strong>. De acordo com a gerente do CIN da Fiems, Fernanda Barbeta, a capacita\u00e7\u00e3o pretende desenvolver no ambiente empresarial a cultura da exporta\u00e7\u00e3o, bem como seus requisitos normativos e de adequa\u00e7\u00e3o de produtos do complexo da moda para que as empresas possam atuar no mercado externo.<\/p>\n<p>&nbsp;<\/p>\n<p>Ela acrescenta que o curso abordar\u00e1 as etapas e registros do processo de desenvolvimento de uma cole\u00e7\u00e3o de moda, com \u00eanfase na diferencia\u00e7\u00e3o do produto atrav\u00e9s do design. \u201cAl\u00e9m de reconhecer a import\u00e2ncia da tabela de medidas para a defini\u00e7\u00e3o de grandes tamanhos e adequa\u00e7\u00e3o das propor\u00e7\u00f5es da modelagem para o mercado internacional\u201d, pontuou.<\/p>\n<p>&nbsp;<\/p>\n<p>Fernanda Barbeta destaca que a instrutora Sheylla Couto far\u00e1 uma an\u00e1lise de segmenta\u00e7\u00e3o de mercado, com identifica\u00e7\u00e3o de p\u00fablico alvo, ferramentas de pesquisa de moda, metodologia de desenvolvimento de cole\u00e7\u00e3o e adequa\u00e7\u00e3o de modelagem para o mercado internacional. \u201cO nosso foco \u00e9 preparar as empresas de micro e pequenos porte para exporta\u00e7\u00e3o, desde o planejamento do produto at\u00e9 a parte de adequa\u00e7\u00e3o de modelagem para exporta\u00e7\u00e3o no padr\u00e3o internacional\u201d, garantiu.<\/p>\n<p>&nbsp;<\/p>\n<p>Sheylla G\u00f3es de Ara\u00fajo Couto graduou-se em Design de Moda pelo Senai Cetiqt e \u00e9 p\u00f3s-graduada em Doc\u00eancia do Ensino Superior, al\u00e9m de ser epecialista na \u00e1rea de modelagem do vestu\u00e1rio, possui experi\u00eancia de mercado como modelista. Atua como docente no curso de bacharelado em Design de Moda e em diversos cursos de p\u00f3s-gradua\u00e7\u00e3o da institui\u00e7\u00e3o, lecionando as disciplinas sobre modelagem e materiais t\u00eaxteis. Tamb\u00e9m \u00e9 pesquisadora de Estudo Antropom\u00e9trico do Senai Cetiqt.<\/p>\n","protected":false},"excerpt":{"rendered":"<p>O CIN (Centro Internacional de Neg\u00f3cios) da Fiems promove, no pr\u00f3ximo dia 1\u00ba de junho,&#8230;<\/p>\n","protected":false},"author":1,"featured_media":0,"comment_status":"closed","ping_status":"closed","sticky":false,"template":"","format":"standard","meta":{"footnotes":""},"categories":[10],"tags":[],"class_list":["post-4553","post","type-post","status-publish","format-standard","hentry","category-educacao"],"_links":{"self":[{"href":"https:\/\/www.corumbaonline.com.br\/news\/wp-json\/wp\/v2\/posts\/4553","targetHints":{"allow":["GET"]}}],"collection":[{"href":"https:\/\/www.corumbaonline.com.br\/news\/wp-json\/wp\/v2\/posts"}],"about":[{"href":"https:\/\/www.corumbaonline.com.br\/news\/wp-json\/wp\/v2\/types\/post"}],"author":[{"embeddable":true,"href":"https:\/\/www.corumbaonline.com.br\/news\/wp-json\/wp\/v2\/users\/1"}],"replies":[{"embeddable":true,"href":"https:\/\/www.corumbaonline.com.br\/news\/wp-json\/wp\/v2\/comments?post=4553"}],"version-history":[{"count":1,"href":"https:\/\/www.corumbaonline.com.br\/news\/wp-json\/wp\/v2\/posts\/4553\/revisions"}],"predecessor-version":[{"id":4556,"href":"https:\/\/www.corumbaonline.com.br\/news\/wp-json\/wp\/v2\/posts\/4553\/revisions\/4556"}],"wp:attachment":[{"href":"https:\/\/www.corumbaonline.com.br\/news\/wp-json\/wp\/v2\/media?parent=4553"}],"wp:term":[{"taxonomy":"category","embeddable":true,"href":"https:\/\/www.corumbaonline.com.br\/news\/wp-json\/wp\/v2\/categories?post=4553"},{"taxonomy":"post_tag","embeddable":true,"href":"https:\/\/www.corumbaonline.com.br\/news\/wp-json\/wp\/v2\/tags?post=4553"}],"curies":[{"name":"wp","href":"https:\/\/api.w.org\/{rel}","templated":true}]}}