{"id":5358,"date":"2017-06-09T10:06:07","date_gmt":"2017-06-09T14:06:07","guid":{"rendered":"http:\/\/www.corumbaonline.com.br\/news\/?p=5358"},"modified":"2017-06-09T10:06:07","modified_gmt":"2017-06-09T14:06:07","slug":"prefeitura-transfere-feriado-de-13-para-16-de-junho","status":"publish","type":"post","link":"https:\/\/www.corumbaonline.com.br\/news\/prefeitura-transfere-feriado-de-13-para-16-de-junho\/","title":{"rendered":"Prefeitura transfere feriado de 13 para 16 de junho"},"content":{"rendered":"<p>O Decreto Municipal n\u00ba 1.806, assinado pelo prefeito Ruiter Cunha de Oliveira, e publicado no Di\u00e1rio Oficial no dia 7 de junho, alterou o expediente das reparti\u00e7\u00f5es p\u00fablicas municipais do dia 13 de junho, quando \u00e9 celebrada a Retomada de Corumb\u00e1.<\/p>\n<p>&nbsp;<\/p>\n<p>As comemora\u00e7\u00f5es alusivas \u00e0 data v\u00e3o ocorrer normalmente no dia 13, e todos os setores p\u00fablicos municipais v\u00e3o funcionar conforme o habitual. Os funcion\u00e1rios efetivos, contratados e comissionados, que n\u00e3o trabalham nos setores de urg\u00eancia e emerg\u00eancia fundamentais da sociedade, v\u00e3o gozar do feriado somente no dia 16. <strong>A<\/strong> <strong>mudan\u00e7a provocada pelo decreto \u00e9 v\u00e1lida apenas nas reparti\u00e7\u00f5es p\u00fablicas municipais<\/strong>, n\u00e3o alcan\u00e7ando empresas privadas, institui\u00e7\u00f5es estaduais ou federais.<\/p>\n<p>&nbsp;<\/p>\n<p>A Rede Municipal de Ensino informa que as escolas municipais de Corumb\u00e1 v\u00e3o seguir o calend\u00e1rio letivo, previamente definido no final do ano passado. N\u00e3o haver\u00e1 aulas do dia 12 ao dia 16 para os estudantes. No entanto, na segunda-feira, 12 de junho, haver\u00e1 capacita\u00e7\u00e3o do Agrinho para professores da 1\u00aa a 9\u00aa s\u00e9rie da Zona Urbana. A forma\u00e7\u00e3o vai acontecer das 07h \u00e0s 11 horas e das 13h \u00e0s 17 horas, na Escola Municipal Bar\u00e3o de Rio Branco. V\u00e3o vir de Campo Grande oito formadores do Senar para ministrar a capacita\u00e7\u00e3o.<\/p>\n<p>&nbsp;<\/p>\n<p>A Secretaria Municipal de Educa\u00e7\u00e3o frisou que os cinco dias sem aulas n\u00e3o v\u00e3o prejudicar a carga-hor\u00e1ria dos alunos, j\u00e1 que os 200 dias letivos est\u00e3o fechados e devidamente predefinidos pelo calend\u00e1rio escolar.<\/p>\n<p>&nbsp;<\/p>\n<p><strong>Pronto Atendimento \u00e0 noite funciona normal, mas postos de sa\u00fade fecham<\/strong><\/p>\n<p>O <strong>Pronto Atendimento<\/strong> realizado \u00e0 noite, das 18 horas \u00e0s 22 horas, nas Unidades de Sa\u00fade Breno de Medeiros e Pedro Paulo II <strong>vai funcionar normalmente na pr\u00f3xima semana<\/strong>, bem como as unidades de urg\u00eancia e emerg\u00eancia (UPA e Pronto-Socorro).<\/p>\n<p>&nbsp;<\/p>\n<p>J\u00e1 as Unidades B\u00e1sicas de Sa\u00fade da Fam\u00edlia (UBSF), que s\u00e3o os postos de sa\u00fade, v\u00e3o seguir o decreto assinado pelo prefeito Ruiter Cunha de Oliveira. Os postos de sa\u00fade v\u00e3o atender normalmente segunda, ter\u00e7a e quarta-feira (12, 13 e 14 de junho), mas ser\u00e3o fechados no Dia de Corpus Christi (15 de junho) e no dia 16.<\/p>\n<p>&nbsp;<\/p>\n<p><strong>Servi\u00e7o:<\/strong> Unidade B\u00e1sica de Sa\u00fade Breno de Medeiros fica localizada na rua Cyr\u00edaco de Toledo s\/n &#8211; Bairro Popular Nova. J\u00e1 o posto de sa\u00fade Pedro Paulo II est\u00e1 situado na rua Batista das Neves, 119, Centro.<\/p>\n","protected":false},"excerpt":{"rendered":"<p>O Decreto Municipal n\u00ba 1.806, assinado pelo prefeito Ruiter Cunha de Oliveira, e publicado no&#8230;<\/p>\n","protected":false},"author":1,"featured_media":0,"comment_status":"closed","ping_status":"closed","sticky":false,"template":"","format":"standard","meta":{"footnotes":""},"categories":[14],"tags":[],"class_list":["post-5358","post","type-post","status-publish","format-standard","hentry","category-geral"],"_links":{"self":[{"href":"https:\/\/www.corumbaonline.com.br\/news\/wp-json\/wp\/v2\/posts\/5358","targetHints":{"allow":["GET"]}}],"collection":[{"href":"https:\/\/www.corumbaonline.com.br\/news\/wp-json\/wp\/v2\/posts"}],"about":[{"href":"https:\/\/www.corumbaonline.com.br\/news\/wp-json\/wp\/v2\/types\/post"}],"author":[{"embeddable":true,"href":"https:\/\/www.corumbaonline.com.br\/news\/wp-json\/wp\/v2\/users\/1"}],"replies":[{"embeddable":true,"href":"https:\/\/www.corumbaonline.com.br\/news\/wp-json\/wp\/v2\/comments?post=5358"}],"version-history":[{"count":1,"href":"https:\/\/www.corumbaonline.com.br\/news\/wp-json\/wp\/v2\/posts\/5358\/revisions"}],"predecessor-version":[{"id":5359,"href":"https:\/\/www.corumbaonline.com.br\/news\/wp-json\/wp\/v2\/posts\/5358\/revisions\/5359"}],"wp:attachment":[{"href":"https:\/\/www.corumbaonline.com.br\/news\/wp-json\/wp\/v2\/media?parent=5358"}],"wp:term":[{"taxonomy":"category","embeddable":true,"href":"https:\/\/www.corumbaonline.com.br\/news\/wp-json\/wp\/v2\/categories?post=5358"},{"taxonomy":"post_tag","embeddable":true,"href":"https:\/\/www.corumbaonline.com.br\/news\/wp-json\/wp\/v2\/tags?post=5358"}],"curies":[{"name":"wp","href":"https:\/\/api.w.org\/{rel}","templated":true}]}}