{"id":5360,"date":"2017-06-09T13:00:27","date_gmt":"2017-06-09T17:00:27","guid":{"rendered":"http:\/\/www.corumbaonline.com.br\/news\/?p=5360"},"modified":"2017-06-09T13:25:42","modified_gmt":"2017-06-09T17:25:42","slug":"relator-no-tse-finaliza-voto-e-pede-cassacao-de-chapa-dilma-temer","status":"publish","type":"post","link":"https:\/\/www.corumbaonline.com.br\/news\/relator-no-tse-finaliza-voto-e-pede-cassacao-de-chapa-dilma-temer\/","title":{"rendered":"Relator no TSE finaliza voto e pede cassa\u00e7\u00e3o de chapa Dilma-Temer"},"content":{"rendered":"<p>O ministro do Tribunal Superior Eleitoral (TSE), Herman Benjamin \u2013 relator do julgamento da a\u00e7\u00e3o em que o PSDB pede a cassa\u00e7\u00e3o da chapa vencedora das elei\u00e7\u00f5es presidenciais de 2014 \u2013 concluiu a leitura de seu voto, ao decidir pela cassa\u00e7\u00e3o da chapa presidencial Dilma Rousseff-Michel Temer. Segundo ele, houve abuso de poder econ\u00f4mico e pol\u00edtico.<\/p>\n<p>Conclu\u00edda a leitura do voto do relator, o ministro Luiz Fux, substituindo o presidente da Corte, Gilmar Mendes interrompeu a sess\u00e3o, que deve ser retomada por volta das 15 horas. Ap\u00f3s o intervalo, os outros seis ministros come\u00e7ar\u00e3o a proferir seus votos. A princ\u00edpio, ficou acordado que cada ministro ter\u00e1 direito a 20 minutos de fala.<\/p>\n<p>Ap\u00f3s decidir sobre a cassa\u00e7\u00e3o do mandato, a Corte definir\u00e1 a possibilidade de tornar ineleg\u00edveis a ex-presidenta Dilma Rousseff (PT) e o presidente Michel Temer (PMDB). Sobre a unicidade da chapa e o alcance de sua decis\u00e3o sobre o mandato do atual presidente, Michel Temer, Benjamin disse que, \u201cno Brasil, ningu\u00e9m elege vice-presidente da Rep\u00fablica\u201d. \u201cElegemos uma chapa que est\u00e1 irmanada; fundida para o bem e para o mal\u201d, raz\u00e3o porque defende a aplica\u00e7\u00e3o da pena tamb\u00e9m a Temer\u201d, destacou.<\/p>\n<p>Em seu voto, Herman Benjamin desconsiderou alguns ind\u00edcios de pr\u00e1ticas il\u00edcitas que, embora segundo o pr\u00f3prio ministro, estejam comprovadas, n\u00e3o t\u00eam v\u00ednculos com a premissa inicial do processo. O ministro afastou o julgamento do pagamento de propina para a contrata\u00e7\u00e3o de servi\u00e7os para a constru\u00e7\u00e3o da Usina Angra 3; a distribui\u00e7\u00e3o de propina na obra da Usina de Belo Monte e o pagamento, via caixa 2, dos servi\u00e7os prestados pelo casal de publicit\u00e1rios Jo\u00e3o Santana e M\u00f4nica Moura.<\/p>\n<p>Sobre quase todos esses pontos refutados, o ministro disse haver provas da pr\u00e1tica de irregularidades, mas insuficientes para estabelecer uma rela\u00e7\u00e3o direta entre a infra\u00e7\u00e3o verificada e a peti\u00e7\u00e3o inicialmente ajuizada pelo PSDB.<\/p>\n<p>\u201cFinalizo dizendo que tentei ser e me comportar como os ministros desta casa, os de hoje e os de ontem, e quero dizer que, tal qual cada um dos outros seis ministros que est\u00e3o nessa bancada comigo, eu, como juiz, recuso o papel de coveiro de prova viva. Posso at\u00e9 participar do vel\u00f3rio, mas n\u00e3o carrego o caix\u00e3o\u201d, declarou Benjamin.<\/p>\n<p>Para o relator, a chapa <a href=\"http:\/\/agenciabrasil.ebc.com.br\/politica\/noticia\/2017-06\/relator-de-acao-no-tse-diz-que-houve-abuso-de-poder-na-chapa-dilma-temer\" target=\"_blank\" rel=\"noopener noreferrer\">Dilma-Temer incorreu na pr\u00e1tica de abuso de poder pol\u00edtico e econ\u00f4mico<\/a> ao receber propina da construtora Odebrecht por contratos assinados com a Petrobras e pagar as contas da campanha eleitoral de 2014 com esses recursos, conforme mostrou as investiga\u00e7\u00f5es da Opera\u00e7\u00e3o Lava Jato. Entre os gastos pagos com os recursos il\u00edcitos estariam o tempo de r\u00e1dio e televis\u00e3o para divulga\u00e7\u00e3o de propaganda eleitoral da chapa Com a For\u00e7a do Povo, em 2014.<\/p>\n<p>\u201cA considera\u00e7\u00e3o conjunta das provas conferem seguran\u00e7a a esse relator para considerar comprovado o epis\u00f3dio da compra de tempo de TV dos partidos pol\u00edticos para a campanha majorit\u00e1ria da coliga\u00e7\u00e3o Com a For\u00e7a do Povo, em 2014, o que, sem d\u00favida, configura, a meu ju\u00edzo, flagrante abuso de poder econ\u00f4mico\u201d, disse o ministro. \u201cN\u00e3o importa se os recursos foram efetivamente para a compra do tempo de r\u00e1dio e televis\u00e3o. O que importa \u00e9 que esses recursos foram pedidos e recebidos de forma il\u00edcita; que houve uma triangula\u00e7\u00e3o comprovada, por caixa 2, em pleno per\u00edodo eleitoral entre partidos integrantes da coliga\u00e7\u00e3o Com a For\u00e7a do Povo.\u201d<\/p>\n","protected":false},"excerpt":{"rendered":"<p>O ministro do Tribunal Superior Eleitoral (TSE), Herman Benjamin \u2013 relator do julgamento da a\u00e7\u00e3o&#8230;<\/p>\n","protected":false},"author":1,"featured_media":5361,"comment_status":"closed","ping_status":"closed","sticky":false,"template":"","format":"standard","meta":{"footnotes":""},"categories":[8,19],"tags":[],"class_list":["post-5360","post","type-post","status-publish","format-standard","has-post-thumbnail","hentry","category-destaque","category-politica"],"_links":{"self":[{"href":"https:\/\/www.corumbaonline.com.br\/news\/wp-json\/wp\/v2\/posts\/5360","targetHints":{"allow":["GET"]}}],"collection":[{"href":"https:\/\/www.corumbaonline.com.br\/news\/wp-json\/wp\/v2\/posts"}],"about":[{"href":"https:\/\/www.corumbaonline.com.br\/news\/wp-json\/wp\/v2\/types\/post"}],"author":[{"embeddable":true,"href":"https:\/\/www.corumbaonline.com.br\/news\/wp-json\/wp\/v2\/users\/1"}],"replies":[{"embeddable":true,"href":"https:\/\/www.corumbaonline.com.br\/news\/wp-json\/wp\/v2\/comments?post=5360"}],"version-history":[{"count":1,"href":"https:\/\/www.corumbaonline.com.br\/news\/wp-json\/wp\/v2\/posts\/5360\/revisions"}],"predecessor-version":[{"id":5362,"href":"https:\/\/www.corumbaonline.com.br\/news\/wp-json\/wp\/v2\/posts\/5360\/revisions\/5362"}],"wp:featuredmedia":[{"embeddable":true,"href":"https:\/\/www.corumbaonline.com.br\/news\/wp-json\/wp\/v2\/media\/5361"}],"wp:attachment":[{"href":"https:\/\/www.corumbaonline.com.br\/news\/wp-json\/wp\/v2\/media?parent=5360"}],"wp:term":[{"taxonomy":"category","embeddable":true,"href":"https:\/\/www.corumbaonline.com.br\/news\/wp-json\/wp\/v2\/categories?post=5360"},{"taxonomy":"post_tag","embeddable":true,"href":"https:\/\/www.corumbaonline.com.br\/news\/wp-json\/wp\/v2\/tags?post=5360"}],"curies":[{"name":"wp","href":"https:\/\/api.w.org\/{rel}","templated":true}]}}