{"id":5365,"date":"2017-06-09T14:00:34","date_gmt":"2017-06-09T18:00:34","guid":{"rendered":"http:\/\/www.corumbaonline.com.br\/news\/?p=5365"},"modified":"2017-06-09T13:34:26","modified_gmt":"2017-06-09T17:34:26","slug":"nos-152-anos-da-batalha-do-riachuelo-ruiter-reforca-importancia-da-marinha","status":"publish","type":"post","link":"https:\/\/www.corumbaonline.com.br\/news\/nos-152-anos-da-batalha-do-riachuelo-ruiter-reforca-importancia-da-marinha\/","title":{"rendered":"Nos 152 anos da Batalha do Riachuelo, Ruiter refor\u00e7a import\u00e2ncia da Marinha"},"content":{"rendered":"<p>O prefeito Ruiter Cunha de Oliveira participou da solenidade dos 152 anos da Batalha Naval do Riachuelo realizada na manh\u00e3 desta sexta-feira, 09 de junho, em frente ao P\u00f3rtico do 6\u00b0 Distrito Naval, em Lad\u00e1rio. A cerim\u00f4nia durou 45 minutos e contou com leituras da Ordem do Dia do comandante da Marinha, almirante de Esquadra, Eduardo Bacellar Leal Ferreira, e mensagem do presidente da Rep\u00fablica. Tamb\u00e9m houve a imposi\u00e7\u00e3o da condecora\u00e7\u00e3o da Ordem do M\u00e9rito Naval para quatro militares do Comando do 6\u00b0 Distrito Naval.<\/p>\n<p>&nbsp;<\/p>\n<p>\u201c\u00c9 um momento para relembrar a hist\u00f3ria e a import\u00e2ncia da Marinha na forma\u00e7\u00e3o geopol\u00edtica do nosso pa\u00eds. Hoje, a Marinha, al\u00e9m da presta\u00e7\u00e3o jurisdicional da salvaguarda da fronteira oeste do nosso pa\u00eds, tamb\u00e9m tem papel fundamental nas quest\u00f5es sociais do nosso munic\u00edpio. A Marinha nos auxilia a atender aqueles que mais necessitam do Poder P\u00fablico. A Prefeitura reconhece esse papel importante e essencial\u201d, declarou o chefe do Executivo Municipal.<\/p>\n<p>&nbsp;<\/p>\n<p>Comandante do 6\u00b0 Distrito Naval, o contra-almirante Luiz Oct\u00e1vio Barros Coutinho destacou a import\u00e2ncia da vit\u00f3ria da Marinha na Batalha Naval do Riachuelo. \u201cA linha de suprimento dos paraguaios foi interrompida pela vit\u00f3ria brasileira. Isso ocasionou com que o fluxo log\u00edstico para o Paraguai fosse interrompido e, a partir desse momento, a situa\u00e7\u00e3o da guerra se inverteu e passamos a ser protagonistas. Trouxe reflexos na regi\u00e3o toda de Corumb\u00e1 e do Pantanal. Conseguimos\u201d, afirmou.<\/p>\n<p>&nbsp;<\/p>\n<p>Na ordem do dia do comandante da Marinha, lida durante a cerim\u00f4nia militar, o almirante de esquadra Eduardo Bacellar Leal Ferreira ressaltou a atitude dos militares que lutaram na Batalha do Riachuelo. \u201cNo dia em que celebramos a Data Magna da Marinha, prestamos uma homenagem \u00e0queles indom\u00e1veis marinheiros e soldados embarcados, os quais nos deixaram exemplos de tenacidade e patriotismo. Ao cultivarmos seus grandes feitos, sejamos estimulados a enfrentar as dificuldades do presente com a mesma coragem e determina\u00e7\u00e3o. O legado do Almirante Barroso nos ensina que, diante de condi\u00e7\u00f5es extremamente adversas, n\u00e3o podemos perder a serenidade e a esperan\u00e7a\u201d.<\/p>\n<p>&nbsp;<\/p>\n<p>Numa refer\u00eancia \u00e0 situa\u00e7\u00e3o atual do pa\u00eds, a mensagem enfatizou que a crise enfrentada n\u00e3o \u00e9 \u201cmaior\u201d que os brasileiros. \u201cHoje, assistimos ao pa\u00eds ser assolado por crise profunda e multifacetada. E, assim como na tempestade os mares em f\u00faria trazem perigo ao navio, ela amea\u00e7a destruir o sonho de grande Na\u00e7\u00e3o que podemos e devemos alimentar. No entanto, por mais grave que se apresente, a crise nunca ser\u00e1 mais forte nem maior do que n\u00f3s brasileiros\u201d.<\/p>\n<p><strong>Batalha Naval do Riachuelo<\/strong><\/p>\n<p>&nbsp;<\/p>\n<p>A Batalha Naval do Riachuelo \u00e9 considerada um dos maiores triunfos da Hist\u00f3ria das For\u00e7as Armadas do Brasil. A sua deflagra\u00e7\u00e3o tem a ver com a Guerra contra o Paraguai, onde o Brasil juntava for\u00e7as com a Argentina e o Paraguai. O conflito, ocorrido entre 1864 e 1870, foi resultado de uma s\u00e9rie de disputas pol\u00edticas envolvendo as na\u00e7\u00f5es que trafegavam na regi\u00e3o do rio da Prata. O in\u00edcio da guerra s\u00f3 tomou forma mediante o ambicioso projeto expansionista do governo paraguaio.<\/p>\n<p>&nbsp;<\/p>\n<p>O conflito naval acontecido no Rio Riachuelo foi considerado de suma import\u00e2ncia para a vit\u00f3ria da Tr\u00edplice Alian\u00e7a (Brasil, Uruguai e Argentina) frente \u00e0s for\u00e7as paraguaias. Na \u00e9poca, os navios da for\u00e7a brasileira n\u00e3o tinham instala\u00e7\u00f5es apropriadas para a navega\u00e7\u00e3o fluvial, o que amea\u00e7ava a perda de uma embarca\u00e7\u00e3o devido o encalhamento. Al\u00e9m disso, as embarca\u00e7\u00f5es eram feitas todas de madeira, o que oferecia grande risco frente a qualquer artilharia terrestre.<\/p>\n","protected":false},"excerpt":{"rendered":"<p>O prefeito Ruiter Cunha de Oliveira participou da solenidade dos 152 anos da Batalha Naval&#8230;<\/p>\n","protected":false},"author":1,"featured_media":5366,"comment_status":"closed","ping_status":"closed","sticky":false,"template":"","format":"standard","meta":{"footnotes":""},"categories":[14],"tags":[],"class_list":["post-5365","post","type-post","status-publish","format-standard","has-post-thumbnail","hentry","category-geral"],"_links":{"self":[{"href":"https:\/\/www.corumbaonline.com.br\/news\/wp-json\/wp\/v2\/posts\/5365","targetHints":{"allow":["GET"]}}],"collection":[{"href":"https:\/\/www.corumbaonline.com.br\/news\/wp-json\/wp\/v2\/posts"}],"about":[{"href":"https:\/\/www.corumbaonline.com.br\/news\/wp-json\/wp\/v2\/types\/post"}],"author":[{"embeddable":true,"href":"https:\/\/www.corumbaonline.com.br\/news\/wp-json\/wp\/v2\/users\/1"}],"replies":[{"embeddable":true,"href":"https:\/\/www.corumbaonline.com.br\/news\/wp-json\/wp\/v2\/comments?post=5365"}],"version-history":[{"count":1,"href":"https:\/\/www.corumbaonline.com.br\/news\/wp-json\/wp\/v2\/posts\/5365\/revisions"}],"predecessor-version":[{"id":5367,"href":"https:\/\/www.corumbaonline.com.br\/news\/wp-json\/wp\/v2\/posts\/5365\/revisions\/5367"}],"wp:featuredmedia":[{"embeddable":true,"href":"https:\/\/www.corumbaonline.com.br\/news\/wp-json\/wp\/v2\/media\/5366"}],"wp:attachment":[{"href":"https:\/\/www.corumbaonline.com.br\/news\/wp-json\/wp\/v2\/media?parent=5365"}],"wp:term":[{"taxonomy":"category","embeddable":true,"href":"https:\/\/www.corumbaonline.com.br\/news\/wp-json\/wp\/v2\/categories?post=5365"},{"taxonomy":"post_tag","embeddable":true,"href":"https:\/\/www.corumbaonline.com.br\/news\/wp-json\/wp\/v2\/tags?post=5365"}],"curies":[{"name":"wp","href":"https:\/\/api.w.org\/{rel}","templated":true}]}}