{"id":5403,"date":"2017-06-12T10:18:56","date_gmt":"2017-06-12T14:18:56","guid":{"rendered":"http:\/\/www.corumbaonline.com.br\/news\/?p=5403"},"modified":"2017-06-12T10:28:28","modified_gmt":"2017-06-12T14:28:28","slug":"artesanato-e-ocupacao-produtiva-e-terapeutica-para-detentas-no-presidio-feminino-de-corumba","status":"publish","type":"post","link":"https:\/\/www.corumbaonline.com.br\/news\/artesanato-e-ocupacao-produtiva-e-terapeutica-para-detentas-no-presidio-feminino-de-corumba\/","title":{"rendered":"Artesanato \u00e9 ocupa\u00e7\u00e3o produtiva e terap\u00eautica para detentas no pres\u00eddio feminino de Corumb\u00e1"},"content":{"rendered":"<p>A confec\u00e7\u00e3o de artesanatos tem servido n\u00e3o s\u00f3 para a ocupa\u00e7\u00e3o produtiva de detentas do Estabelecimento Penal Feminino \u201cCarlos Alberto Jonas Giordano\u201d, em Corumb\u00e1, mas tamb\u00e9m tem representado um importante recurso terap\u00eautico,\u00a0melhorando o estado emocional, por meio do estimulo \u00e0 criatividade, proporcionado que essas mulheres em situa\u00e7\u00e3o de pris\u00e3o possam expor suas ideias e aptid\u00f5es.<\/p>\n<p>\u00c9 o que defende a diretora do pres\u00eddio, Anelize L\u00e1zaro de Lima, que acredita que, pelo fato de as reeducandas criarem um trabalho com suas pr\u00f3prias m\u00e3os, sentem-se mais capazes e produtivas. \u201cConsequentemente, traz a\u00a0sensa\u00e7\u00e3o de bem-estar, aumentando a autoestima e confian\u00e7a\u201d, argumenta.<\/p>\n<p>Na opini\u00e3o da diretora, as atividades artesanais ajudam a prevenir a depress\u00e3o,\u00a0transtornos de humor e doen\u00e7as mentais, problemas que podem acometer, principalmente\u00a0uma pessoa quando em estado de priva\u00e7\u00e3o de sua liberdade. \u201c\u00c9 uma atividade que estimula\u00a0a pensarem por si mesmas em suas cria\u00e7\u00f5es fazendo-as sentirem autoras de suas pr\u00f3prias\u00a0pe\u00e7as, resgatando a autoestima e motivando-as a vencerem stress, ang\u00fastia e\u00a0ansiedade\u201d, afirma.<\/p>\n<p>Atualmente, 24 reeducandas realizam trabalhos artesanais monitorados pela chefa do pres\u00eddio, com direito \u00e0 remi\u00e7\u00e3o da pena, conforme estabelece a Lei de Execu\u00e7\u00e3o Penal, ou seja, a cada tr\u00eas trabalhados um \u00e9 diminu\u00eddo na pena.<\/p>\n<p>Marisa Alexandre da Silva, 37 anos, \u00e9 uma delas e defende que a atividade \u00e9 uma forma de distrair a mente. \u201c\u00c9 um meio de esquecer um pouco os\u00a0problemas, eu mesma tenho muitos problemas e, fazendo croch\u00ea, esque\u00e7o um pouco deles\u201d, relata.<\/p>\n<p>Presa h\u00e1 seis anos por tr\u00e1fico de entorpecentes, Marisa acredita que o conhecimento adquirido com a atividade poder\u00e1 servir como uma fonte de renda quando conquistar a liberdade. \u201c Tudo que a agente aprende de bom, a gente pode usar l\u00e1 fora\u201d, comenta, destacando que o dinheiro das vendas tamb\u00e9m ir\u00e1 ajudar no sustento dos seis filhos, que est\u00e3o com a av\u00f3.<\/p>\n<p><strong>Feira<\/strong><\/p>\n<p>Para incentivar a continuidade dos trabalhos artesanais pelas internas, bem como o acesso da popula\u00e7\u00e3o ao que \u00e9 feito entre as grades da pris\u00e3o, foi realizada na segunda-feira (5.6) uma exposi\u00e7\u00e3o dos artesanatos para a venda no F\u00f3rum do munic\u00edpio.<\/p>\n<p>O evento foi organizado pela dire\u00e7\u00e3o do pres\u00eddio, com o apoio do juiz da 2\u00aa Vara Criminal da comarca, Deyvis Ecco, e teve como objetivo demonstrar \u00e0 popula\u00e7\u00e3o os trabalhos realizados, bem como estimular a venda dos produtos.<\/p>\n<p>Quem passou pelo local pode conferir a beleza e a qualidade de pe\u00e7as confeccionados em linha de croch\u00ea, como\u00a0tapetes para sala, centros de mesas, tapetes para banheiro, almofadas, tiaras,\u00a0bolsas, panos de pratos, porta- copos e x\u00edcaras, porta \u2013 potes e outros.<\/p>\n<p>Os recursos arrecadados com a venda foram revertidos em prol das artes\u00e3s, que cumprem pena no regime fechado. Duas reeducandas do regime semiaberto na cidade, ficaram respons\u00e1vel por apresentar os trabalhos.<\/p>\n","protected":false},"excerpt":{"rendered":"<p>A confec\u00e7\u00e3o de artesanatos tem servido n\u00e3o s\u00f3 para a ocupa\u00e7\u00e3o produtiva de detentas do&#8230;<\/p>\n","protected":false},"author":1,"featured_media":5404,"comment_status":"closed","ping_status":"closed","sticky":false,"template":"","format":"standard","meta":{"footnotes":""},"categories":[8,14],"tags":[],"class_list":["post-5403","post","type-post","status-publish","format-standard","has-post-thumbnail","hentry","category-destaque","category-geral"],"_links":{"self":[{"href":"https:\/\/www.corumbaonline.com.br\/news\/wp-json\/wp\/v2\/posts\/5403","targetHints":{"allow":["GET"]}}],"collection":[{"href":"https:\/\/www.corumbaonline.com.br\/news\/wp-json\/wp\/v2\/posts"}],"about":[{"href":"https:\/\/www.corumbaonline.com.br\/news\/wp-json\/wp\/v2\/types\/post"}],"author":[{"embeddable":true,"href":"https:\/\/www.corumbaonline.com.br\/news\/wp-json\/wp\/v2\/users\/1"}],"replies":[{"embeddable":true,"href":"https:\/\/www.corumbaonline.com.br\/news\/wp-json\/wp\/v2\/comments?post=5403"}],"version-history":[{"count":1,"href":"https:\/\/www.corumbaonline.com.br\/news\/wp-json\/wp\/v2\/posts\/5403\/revisions"}],"predecessor-version":[{"id":5405,"href":"https:\/\/www.corumbaonline.com.br\/news\/wp-json\/wp\/v2\/posts\/5403\/revisions\/5405"}],"wp:featuredmedia":[{"embeddable":true,"href":"https:\/\/www.corumbaonline.com.br\/news\/wp-json\/wp\/v2\/media\/5404"}],"wp:attachment":[{"href":"https:\/\/www.corumbaonline.com.br\/news\/wp-json\/wp\/v2\/media?parent=5403"}],"wp:term":[{"taxonomy":"category","embeddable":true,"href":"https:\/\/www.corumbaonline.com.br\/news\/wp-json\/wp\/v2\/categories?post=5403"},{"taxonomy":"post_tag","embeddable":true,"href":"https:\/\/www.corumbaonline.com.br\/news\/wp-json\/wp\/v2\/tags?post=5403"}],"curies":[{"name":"wp","href":"https:\/\/api.w.org\/{rel}","templated":true}]}}