{"id":5979,"date":"2017-06-26T16:07:44","date_gmt":"2017-06-26T20:07:44","guid":{"rendered":"http:\/\/www.corumbaonline.com.br\/news\/?p=5979"},"modified":"2017-06-26T16:07:44","modified_gmt":"2017-06-26T20:07:44","slug":"municipio-faz-na-terca-feira-entrega-de-programa-de-aquisicao-de-alimentos","status":"publish","type":"post","link":"https:\/\/www.corumbaonline.com.br\/news\/municipio-faz-na-terca-feira-entrega-de-programa-de-aquisicao-de-alimentos\/","title":{"rendered":"Munic\u00edpio faz na ter\u00e7a-feira entrega de Programa de Aquisi\u00e7\u00e3o de Alimentos"},"content":{"rendered":"<p>A Prefeitura de Corumb\u00e1 inicia nesta ter\u00e7a-feira, 27 de junho, a entrega do Programa de Aquisi\u00e7\u00e3o de Alimentos (PAA) para institui\u00e7\u00f5es e entidades da Assist\u00eancia Social e Sa\u00fade. A a\u00e7\u00e3o \u00e9 coordenada pela Secretaria Especial de Agricultura Familiar, que \u00e9 vinculada \u00e0 Secretaria Municipal de Ind\u00fastria, Com\u00e9rcio e Produ\u00e7\u00e3o Rural.<\/p>\n<p>&nbsp;<\/p>\n<p>A iniciativa tem como objetivo promover a articula\u00e7\u00e3o entre a produ\u00e7\u00e3o da agricultura familiar e a destina\u00e7\u00e3o, visando o desenvolvimento da economia local e o atendimento direto \u00e0s demandas de suplementa\u00e7\u00e3o alimentar e nutricional dos programas sociais locais.<\/p>\n<p>&nbsp;<\/p>\n<p>Com o Programa de Aquisi\u00e7\u00e3o de Alimentos (PAA), o Munic\u00edpio faz a compra de alimentos diversos e promove a doa\u00e7\u00e3o simult\u00e2nea \u00e0s entidades da rede socioassistencial, aos equipamentos p\u00fablicos definidos pelo Grupo Gestor do PAA com o objetivo de atender demandas locais de suplementa\u00e7\u00e3o alimentar de pessoas em situa\u00e7\u00e3o de inseguran\u00e7a alimentar e nutricional.<\/p>\n<p>&nbsp;<\/p>\n<p>De acordo com o secret\u00e1rio Especial de Agricultura Familiar, Mohamad Abdallah, est\u00e3o inscritos 207 produtores e a expectativa do Munic\u00edpio \u00e9 adquirir um total de 264.206 quilos de produtos cultivados nos assentamentos da regi\u00e3o, totalizando a quantia de R$ 499.709,50.<\/p>\n<p>&nbsp;<\/p>\n<p>Ainda segundo o secret\u00e1rio, as entregas s\u00f3 come\u00e7aram agora por conta da necessidade de presta\u00e7\u00e3o de contas com rela\u00e7\u00e3o \u00e0s a\u00e7\u00f5es realizadas na gest\u00e3o passada. Com o in\u00edcio do PAA, as entregas dos alimentos ser\u00e3o realizadas semanalmente.<\/p>\n<p>&nbsp;<\/p>\n<p>A entrega acontece a partir das 07 horas desta ter\u00e7a, dia 27, na rua Dom Aquino Corr\u00eaa, n\u00famero 1414, entre ruas Sete de Setembro e Major Gama. Ser\u00e3o beneficiadas nesta primeira entrega as seguintes institui\u00e7\u00f5es:<\/p>\n<p>&nbsp;<\/p>\n<p>Instit. Acai\u00e1 Pantanal \u2013 Programa Jatobazinho<\/p>\n<p>Instituto Moinho Cultural<\/p>\n<p>Lar de Ismael \u2013 Inser\u00e7\u00e3o Produt. E Social<\/p>\n<p>Lions Clube de Corumb\u00e1 \u2013 M\u00e3os que Fazem<\/p>\n<p>MSMT \u2013 Cidade Dom Bosco<\/p>\n<p>Obra Social Madre Mazzarello \u2013 Geniquinho<\/p>\n<p>Oficina M\u00e3os Amigas Santo Ant\u00f4nio de P\u00e1dua<\/p>\n<p>Rede Feminina de Combate ao C\u00e2ncer<\/p>\n<p>Associa\u00e7\u00e3o de Pais e Amigos dos Excepcionais (APAE)<\/p>\n<p>Asilo S\u00e3o Jos\u00e9 da Velhice Desamparada<\/p>\n<p>Casa de Acolhimento Adiles<\/p>\n<p>Casa de Passagem Jos\u00e9 Lins<\/p>\n<p>Casa de Recupera\u00e7\u00e3o Infantil Padre Ant\u00f4nio Muller<\/p>\n<p>Centro de Conviv\u00eancia dos Idosos<\/p>\n<p>Centro POP<\/p>\n<p>CRAS Albuquerque<\/p>\n<p>CRAS CEU<\/p>\n<p>CRAS I<\/p>\n<p>CRAS II<\/p>\n<p>CRAS III<\/p>\n<p>CRAS Itinerante<\/p>\n<p>CRAS IV<\/p>\n<p>CREAS<\/p>\n<p>CAPS AD<\/p>\n<p>CAPS II<\/p>\n<p>CAPS Infantil<\/p>\n","protected":false},"excerpt":{"rendered":"<p>A Prefeitura de Corumb\u00e1 inicia nesta ter\u00e7a-feira, 27 de junho, a entrega do Programa de&#8230;<\/p>\n","protected":false},"author":1,"featured_media":0,"comment_status":"closed","ping_status":"closed","sticky":false,"template":"","format":"standard","meta":{"footnotes":""},"categories":[2,14],"tags":[],"class_list":["post-5979","post","type-post","status-publish","format-standard","hentry","category-agropecuaria","category-geral"],"_links":{"self":[{"href":"https:\/\/www.corumbaonline.com.br\/news\/wp-json\/wp\/v2\/posts\/5979","targetHints":{"allow":["GET"]}}],"collection":[{"href":"https:\/\/www.corumbaonline.com.br\/news\/wp-json\/wp\/v2\/posts"}],"about":[{"href":"https:\/\/www.corumbaonline.com.br\/news\/wp-json\/wp\/v2\/types\/post"}],"author":[{"embeddable":true,"href":"https:\/\/www.corumbaonline.com.br\/news\/wp-json\/wp\/v2\/users\/1"}],"replies":[{"embeddable":true,"href":"https:\/\/www.corumbaonline.com.br\/news\/wp-json\/wp\/v2\/comments?post=5979"}],"version-history":[{"count":1,"href":"https:\/\/www.corumbaonline.com.br\/news\/wp-json\/wp\/v2\/posts\/5979\/revisions"}],"predecessor-version":[{"id":5980,"href":"https:\/\/www.corumbaonline.com.br\/news\/wp-json\/wp\/v2\/posts\/5979\/revisions\/5980"}],"wp:attachment":[{"href":"https:\/\/www.corumbaonline.com.br\/news\/wp-json\/wp\/v2\/media?parent=5979"}],"wp:term":[{"taxonomy":"category","embeddable":true,"href":"https:\/\/www.corumbaonline.com.br\/news\/wp-json\/wp\/v2\/categories?post=5979"},{"taxonomy":"post_tag","embeddable":true,"href":"https:\/\/www.corumbaonline.com.br\/news\/wp-json\/wp\/v2\/tags?post=5979"}],"curies":[{"name":"wp","href":"https:\/\/api.w.org\/{rel}","templated":true}]}}