{"id":6005,"date":"2017-06-27T08:41:38","date_gmt":"2017-06-27T12:41:38","guid":{"rendered":"http:\/\/www.corumbaonline.com.br\/news\/?p=6005"},"modified":"2017-06-27T08:08:55","modified_gmt":"2017-06-27T12:08:55","slug":"em-relatorio-final-pf-diz-que-michel-temer-embaracou-investigacoes","status":"publish","type":"post","link":"https:\/\/www.corumbaonline.com.br\/news\/em-relatorio-final-pf-diz-que-michel-temer-embaracou-investigacoes\/","title":{"rendered":"Em relat\u00f3rio final, PF diz que Michel Temer embara\u00e7ou investiga\u00e7\u00f5es"},"content":{"rendered":"<p>O Supremo Tribunal Federal (STF) divulgou o relat\u00f3rio final sobre as investiga\u00e7\u00f5es das dela\u00e7\u00f5es da JBS, enviado no in\u00edcio da noite \u00e0 Corte pela Pol\u00edcia Federal (PF).\u00a0No documento, a PF diz que o presidente Michel Temer e o ex-ministro Geddel Vieira Lima cometeram crime de embara\u00e7o \u00e0s investiga\u00e7\u00f5es.\u00a0A acusa\u00e7\u00e3o \u00e9 baseada no \u00e1udio da conversa gravada pelo empres\u00e1rio Joesley Batista, um dos donos da empresa, com o presidente, em mar\u00e7o, no Pal\u00e1cio do Jaburu. A assessoria do Pal\u00e1cio do Planalto informou que n\u00e3o ir\u00e1 se manifestar sobre o relat\u00f3rio.<\/p>\n<p>\u201cCumpre-nos, \u00e0 luz do exposto, respeitando o espectro cognitivo pr\u00f3prio desta sede indici\u00e1ria, concluir pela pr\u00e1tica, em tese, das condutas t\u00edpicas abaixo especificadas:\u00a0Michel Miguel Elias Temer Lulia, por embara\u00e7ar investiga\u00e7\u00e3o de infra\u00e7\u00e3o penal praticada por organiza\u00e7\u00e3o criminosa, na medida em que incentivou a manuten\u00e7\u00e3o de pagamentos ileg\u00edtimos a Eduardo Cunha, pelo empres\u00e1rio Joesley Batista, ao tempo em que deixou de comunicar autoridades competentes de suposta corrup\u00e7\u00e3o de membros da Magistratura Federal e do Minist\u00e9rio P\u00fablico Federal que Ihe fora narrada pela mesmo empres\u00e1rio\u201d, diz trecho do relat\u00f3rio.<\/p>\n<p><strong>Per\u00edcia<\/strong><\/p>\n<p>A PF tamb\u00e9m concluiu que n\u00e3o houve edi\u00e7\u00f5es ou fraude no \u00e1udio da conversa gravada pelo empres\u00e1rio Joesley Batista com Temer.\u00a0 O relat\u00f3rio chegou ao Supremo e foi rremetido \u00e0 Procuradoria-Geral da Rep\u00fablica (PGR), \u00f3rg\u00e3o que ser\u00e1 respons\u00e1vel por eventual den\u00fancia ao Supremo contra o presidente e Geddel.\u00a0A per\u00edcia na grava\u00e7\u00e3o foi solicitada pela defesa de Temer, no m\u00eas passado. Os advogados questionam no STF a legalidade da grava\u00e7\u00e3o e afirmam que h\u00e1 muitas contradi\u00e7\u00f5es no depoimento de Joesley Batista.<\/p>\n<p>No mesmo documento, a PF acusa o ex-ministro Geddel Vieira Lima \u201cpor ter manifestado interesse junto a executivos do Grupo J&amp;F na manuten\u00e7\u00e3o de pagamentos a L\u00facio Bolonha Funaro, como forma dissuas\u00f3ria de eventual colabora\u00e7\u00e3o com a Justi\u00e7a, monitorando junto a familiares de Funaro o seu \u00e2nimo para tal iniciativa\u201d, diz o relat\u00f3rio.<\/p>\n<p>Na semana passada, o ministro Edson Fachin, relator da investiga\u00e7\u00e3o sobre o presidente, abriu prazo para a PGR se manifestar sobre o inqu\u00e9rito para investigar o presidente. Com a decis\u00e3o,\u00a0 a procuradoria tem at\u00e9 hoje (27) para decidir sobre eventual den\u00fancia contra o presidente e outros citados nas investiga\u00e7\u00f5es, entre eles, o ex-deputado federal Rodrigo Rocha Loures (PMDB-PR).<\/p>\n","protected":false},"excerpt":{"rendered":"<p>O Supremo Tribunal Federal (STF) divulgou o relat\u00f3rio final sobre as investiga\u00e7\u00f5es das dela\u00e7\u00f5es da&#8230;<\/p>\n","protected":false},"author":1,"featured_media":0,"comment_status":"closed","ping_status":"closed","sticky":false,"template":"","format":"standard","meta":{"footnotes":""},"categories":[19],"tags":[],"class_list":["post-6005","post","type-post","status-publish","format-standard","hentry","category-politica"],"_links":{"self":[{"href":"https:\/\/www.corumbaonline.com.br\/news\/wp-json\/wp\/v2\/posts\/6005","targetHints":{"allow":["GET"]}}],"collection":[{"href":"https:\/\/www.corumbaonline.com.br\/news\/wp-json\/wp\/v2\/posts"}],"about":[{"href":"https:\/\/www.corumbaonline.com.br\/news\/wp-json\/wp\/v2\/types\/post"}],"author":[{"embeddable":true,"href":"https:\/\/www.corumbaonline.com.br\/news\/wp-json\/wp\/v2\/users\/1"}],"replies":[{"embeddable":true,"href":"https:\/\/www.corumbaonline.com.br\/news\/wp-json\/wp\/v2\/comments?post=6005"}],"version-history":[{"count":1,"href":"https:\/\/www.corumbaonline.com.br\/news\/wp-json\/wp\/v2\/posts\/6005\/revisions"}],"predecessor-version":[{"id":6006,"href":"https:\/\/www.corumbaonline.com.br\/news\/wp-json\/wp\/v2\/posts\/6005\/revisions\/6006"}],"wp:attachment":[{"href":"https:\/\/www.corumbaonline.com.br\/news\/wp-json\/wp\/v2\/media?parent=6005"}],"wp:term":[{"taxonomy":"category","embeddable":true,"href":"https:\/\/www.corumbaonline.com.br\/news\/wp-json\/wp\/v2\/categories?post=6005"},{"taxonomy":"post_tag","embeddable":true,"href":"https:\/\/www.corumbaonline.com.br\/news\/wp-json\/wp\/v2\/tags?post=6005"}],"curies":[{"name":"wp","href":"https:\/\/api.w.org\/{rel}","templated":true}]}}